{"id":12107,"date":"2026-01-21T14:22:15","date_gmt":"2026-01-21T14:22:15","guid":{"rendered":"https:\/\/www.energiaspatagonicas.com\/?p=12107"},"modified":"2026-01-21T14:26:15","modified_gmt":"2026-01-21T14:26:15","slug":"la-mineria-impulsa-100-mil-empleos-y-redefine-la-formacion-profesional-en-las-provincias","status":"publish","type":"post","link":"https:\/\/www.energiaspatagonicas.com\/?p=12107","title":{"rendered":"La miner\u00eda impulsa 100 mil empleos y redefine la formaci\u00f3n profesional en las provincias"},"content":{"rendered":"<p>Buenos Aires (EP), 21 de enero \u201826. En t\u00e9rminos comparativos, la industria automotriz registra alrededor de 73.000 trabajadores en todo el pa\u00eds. Las perspectivas del sector<\/p>\n<p>El crecimiento de la actividad minera en distintas regiones del pa\u00eds ya tiene un impacto concreto en el mercado laboral argentino. El sector emplea actualmente a m\u00e1s de 100.000 personas, sumando puestos directos e indirectos, y mantiene una tendencia sostenida de expansi\u00f3n del empleo. En perspectiva comparativa, la industria automotriz ocupa alrededor de 73.000 trabajadores en todo el territorio nacional.<\/p>\n<p>La miner\u00eda se caracteriza por generar empleo formal y por una fuerte demanda de perfiles t\u00e9cnicos, profesionales y operativos, con un efecto directo sobre las econom\u00edas regionales donde se desarrollan los proyectos productivos.<\/p>\n<p>Exportaciones en alza y saldo comercial positivo<\/p>\n<p>El aumento del empleo se da en paralelo con un s\u00f3lido desempe\u00f1o exportador. Entre enero y noviembre de 2025, las exportaciones mineras alcanzaron los US$ 5.389 millones, lo que represent\u00f3 una suba interanual del 29,6%. Este crecimiento permiti\u00f3 sostener un saldo comercial superavitario para el sector.<\/p>\n<p>En el conjunto de las exportaciones nacionales, la miner\u00eda explic\u00f3 cerca del 7% del total. Las proyecciones para el cierre del a\u00f1o anticipan que los env\u00edos al exterior podr\u00edan superar los US$ 6.000 millones, de acuerdo con la evoluci\u00f3n de los mercados internacionales y el avance de los proyectos en etapa productiva.<\/p>\n<p>Mayor demanda laboral y formaci\u00f3n espec\u00edfica<\/p>\n<p>El desarrollo de proyectos vinculados al litio, el cobre, el oro y la cal increment\u00f3 la demanda de mano de obra calificada y especializada. Esta necesidad comenz\u00f3 a reflejarse en el sistema educativo, con un aumento sostenido de inscripciones en carreras universitarias, tecnicaturas y diplomaturas relacionadas con la actividad minera.<\/p>\n<p>En provincias con fuerte presencia del sector, como San Juan, Salta y R\u00edo Negro, universidades, institutos t\u00e9cnicos y organismos p\u00fablicos reportaron un crecimiento en la matr\u00edcula de propuestas formativas orientadas a la miner\u00eda.<\/p>\n<p>Fuerte crecimiento de inscripciones en San Juan<\/p>\n<p>En San Juan, la universidad nacional registr\u00f3 un salto significativo en la carrera de Ingenier\u00eda en Minas. Para el ciclo lectivo 2026, los ingresantes pasaron de 50 a 150 estudiantes. La tendencia tambi\u00e9n se replic\u00f3 en tecnicaturas vinculadas a operaciones mineras y procesamiento de minerales, con modalidades presenciales, a distancia e h\u00edbridas en distintos departamentos de la provincia.<\/p>\n<p>La ampliaci\u00f3n de la oferta acad\u00e9mica se enmarca en un contexto de mayor inversi\u00f3n minera, asociado en parte a la adhesi\u00f3n provincial al R\u00e9gimen de Incentivo para Grandes Inversiones (RIGI), que contempla beneficios para proyectos de gran escala.<\/p>\n<p>Expansi\u00f3n educativa en Salta y R\u00edo Negro<\/p>\n<p>En Salta, la puesta en marcha de plantas de litio, la operaci\u00f3n de la mina de oro Lindero y el desarrollo de proyectos de cobre impulsaron la incorporaci\u00f3n y el fortalecimiento de carreras y cursos vinculados a ingenier\u00eda, log\u00edstica, ambiente y seguridad.<\/p>\n<p>R\u00edo Negro tambi\u00e9n evidenci\u00f3 un crecimiento en la capacitaci\u00f3n asociada al sector. La Diplomatura en Sustentabilidad Minera alcanz\u00f3 541 inscriptos, lo que motiv\u00f3 la apertura de dos cohortes. El programa apunta a formar profesionales y t\u00e9cnicos en el an\u00e1lisis del impacto econ\u00f3mico, productivo y ambiental de la actividad.<\/p>\n<p>Inclusi\u00f3n y nuevas oportunidades laborales<\/p>\n<p>El crecimiento del empleo minero se acompa\u00f1a adem\u00e1s de iniciativas orientadas a ampliar la participaci\u00f3n femenina. En San Juan, el proyecto \u00abLa Miner\u00eda es Mujer\u00bb, impulsado desde una escuela t\u00e9cnica, promueve la formaci\u00f3n y la inserci\u00f3n laboral de mujeres en distintos roles dentro del sector.<\/p>\n<p>La evoluci\u00f3n del empleo y de la oferta educativa confirma una relaci\u00f3n directa entre el avance de los proyectos mineros y la creciente demanda de capacitaci\u00f3n espec\u00edfica en las provincias donde se desarrolla la actividad, consolidando a la miner\u00eda como uno de los motores del empleo regional.<\/p>\n<p>Gentileza https:\/\/www.entornoeconomico.com\/<\/p>\n<p>Fotograf\u00eda Posgrado en Ciencias de la Tierra, UNAM<\/p>\n<p>&nbsp;<\/p>\n","protected":false},"excerpt":{"rendered":"<p>Buenos Aires (EP), 21 de enero \u201826. En t\u00e9rminos comparativos, la industria automotriz registra alrededor de 73.000 trabajadores en todo el pa\u00eds. Las perspectivas del sector El crecimiento de la actividad minera en distintas regiones del pa\u00eds ya tiene un impacto concreto en el mercado laboral argentino. El sector emplea actualmente a m\u00e1s de 100.000 &#8230;<\/p>\n","protected":false},"author":2,"featured_media":0,"comment_status":"closed","ping_status":"closed","sticky":false,"template":"","format":"standard","meta":{"footnotes":""},"categories":[16],"tags":[76,579,390,98,21,51],"class_list":["post-12107","post","type-post","status-publish","format-standard","hentry","category-mineria","tag-demanda","tag-empleo","tag-formacion","tag-generacion","tag-mineria","tag-profesionales"],"_links":{"self":[{"href":"https:\/\/www.energiaspatagonicas.com\/index.php?rest_route=\/wp\/v2\/posts\/12107","targetHints":{"allow":["GET"]}}],"collection":[{"href":"https:\/\/www.energiaspatagonicas.com\/index.php?rest_route=\/wp\/v2\/posts"}],"about":[{"href":"https:\/\/www.energiaspatagonicas.com\/index.php?rest_route=\/wp\/v2\/types\/post"}],"author":[{"embeddable":true,"href":"https:\/\/www.energiaspatagonicas.com\/index.php?rest_route=\/wp\/v2\/users\/2"}],"replies":[{"embeddable":true,"href":"https:\/\/www.energiaspatagonicas.com\/index.php?rest_route=%2Fwp%2Fv2%2Fcomments&post=12107"}],"version-history":[{"count":2,"href":"https:\/\/www.energiaspatagonicas.com\/index.php?rest_route=\/wp\/v2\/posts\/12107\/revisions"}],"predecessor-version":[{"id":12111,"href":"https:\/\/www.energiaspatagonicas.com\/index.php?rest_route=\/wp\/v2\/posts\/12107\/revisions\/12111"}],"wp:attachment":[{"href":"https:\/\/www.energiaspatagonicas.com\/index.php?rest_route=%2Fwp%2Fv2%2Fmedia&parent=12107"}],"wp:term":[{"taxonomy":"category","embeddable":true,"href":"https:\/\/www.energiaspatagonicas.com\/index.php?rest_route=%2Fwp%2Fv2%2Fcategories&post=12107"},{"taxonomy":"post_tag","embeddable":true,"href":"https:\/\/www.energiaspatagonicas.com\/index.php?rest_route=%2Fwp%2Fv2%2Ftags&post=12107"}],"curies":[{"name":"wp","href":"https:\/\/api.w.org\/{rel}","templated":true}]}}