{"id":12131,"date":"2026-01-23T16:34:13","date_gmt":"2026-01-23T16:34:13","guid":{"rendered":"https:\/\/www.energiaspatagonicas.com\/?p=12131"},"modified":"2026-01-23T16:34:13","modified_gmt":"2026-01-23T16:34:13","slug":"el-parque-eolico-las-campanas-busca-incorporarse-al-mercado-electrico-nacional","status":"publish","type":"post","link":"https:\/\/www.energiaspatagonicas.com\/?p=12131","title":{"rendered":"El parque e\u00f3lico Las Campanas busca incorporarse al mercado el\u00e9ctrico nacional"},"content":{"rendered":"<p>Neuqu\u00e9n (EP), 23 de enero \u201826. El inicio de 2026 trajo un avance relevante para el desarrollo de energ\u00edas renovables en el sur del pa\u00eds. La firma Akros, a trav\u00e9s de su subsidiaria Parque de Energ\u00eda E\u00f3lica Las Campanas S.A., present\u00f3 formalmente ante las autoridades nacionales la solicitud para ingresar como generador al Mercado El\u00e9ctrico Mayorista, con una potencia declarada de 185 megavatios correspondiente a su proyecto e\u00f3lico en la provincia del Neuqu\u00e9n.<\/p>\n<p>La iniciativa, ubicada en el departamento Pic\u00fan Leuf\u00fa, qued\u00f3 oficialmente en tr\u00e1mite tras la publicaci\u00f3n del pedido en el Bolet\u00edn Oficial el pasado 20 de enero, un paso administrativo clave que habilita su evaluaci\u00f3n dentro del esquema regulado del sistema el\u00e9ctrico argentino.<\/p>\n<p>Con esta presentaci\u00f3n, el parque e\u00f3lico Las Campanas avanza en su objetivo de integrarse al sistema nacional durante 2026, en un contexto marcado por la reactivaci\u00f3n de proyectos renovables en la Patagonia y por la necesidad de diversificar la matriz energ\u00e9tica del pa\u00eds.<\/p>\n<p>Desde el punto de vista t\u00e9cnico, el proyecto prev\u00e9 una infraestructura de conexi\u00f3n propia. La energ\u00eda generada se vincular\u00e1 en un primer tramo a una nueva estaci\u00f3n transformadora Las Campanas, con un nivel de tensi\u00f3n de 33 kV, que quedar\u00e1 bajo la \u00f3rbita del ente provincial de energ\u00eda neuquino.<\/p>\n<p>Posteriormente, la evacuaci\u00f3n de la energ\u00eda se realizar\u00e1 hacia la Estaci\u00f3n Transformadora El Choc\u00f3n, en 132 kV, uno de los nodos el\u00e9ctricos m\u00e1s relevantes del Comahue por su rol estrat\u00e9gico en la articulaci\u00f3n de flujos entre Neuqu\u00e9n, R\u00edo Negro y los principales centros de consumo del pa\u00eds.<\/p>\n<p>La elecci\u00f3n de este corredor el\u00e9ctrico no es menor. El Choc\u00f3n concentra una porci\u00f3n significativa de la generaci\u00f3n regional y vuelve a poner sobre la mesa el debate en torno a la capacidad disponible del sistema de transporte el\u00e9ctrico, un factor cr\u00edtico para acompa\u00f1ar el crecimiento de nuevos desarrollos de generaci\u00f3n renovable.<\/p>\n<p>Como parte del procedimiento habitual para el ingreso al mercado, la autoridad energ\u00e9tica estableci\u00f3 un plazo para que otros actores del sistema puedan presentar observaciones t\u00e9cnicas. Este proceso resulta especialmente sensible cuando los proyectos buscan conectarse en nodos de alta concentraci\u00f3n de generaci\u00f3n.<\/p>\n<p>Aunque el parque se emplaza en territorio neuquino, su impacto trasciende lo local. La incorporaci\u00f3n de 185 MW de potencia e\u00f3lica tendr\u00e1 implicancias regionales y refuerza el perfil del Comahue como una de las principales zonas de generaci\u00f3n de energ\u00eda del pa\u00eds.<\/p>\n<p>En t\u00e9rminos ambientales y sociales, Las Campanas ya atraves\u00f3 durante 2025 las instancias previas de evaluaci\u00f3n. El proyecto cuenta con estudios de impacto ambiental y procesos de consulta p\u00fablica realizados en su \u00e1rea de influencia, lo que permiti\u00f3 ordenar aspectos t\u00e9cnicos, territoriales y comunitarios antes de avanzar en la etapa regulatoria.<\/p>\n<p>De acuerdo con el Estudio de Impacto Ambiental, el parque estar\u00e1 compuesto por 31 aerogeneradores modelo Vestas V162, de 6 MW cada uno, con una altura de buje de 25 metros y palas de casi 80 metros de longitud. En conjunto, estas m\u00e1quinas permitir\u00e1n alcanzar la potencia total prevista de 185 MW.<\/p>\n<p>El pedido de ingreso al Mercado El\u00e9ctrico Mayorista se inscribe en un nuevo ciclo de proyectos e\u00f3licos en la Patagonia, impulsado por el elevado potencial de viento de la regi\u00f3n y por la demanda creciente de energ\u00eda limpia por parte del sistema el\u00e9ctrico nacional.<\/p>\n<p>Si el proceso administrativo se completa sin objeciones, Las Campanas se sumar\u00e1 al conjunto de centrales renovables que refuerzan el aporte de energ\u00eda e\u00f3lica en el sur argentino. Al mismo tiempo, su avance obligar\u00e1 a seguir de cerca la evoluci\u00f3n del sistema de transporte el\u00e9ctrico en un nodo clave como El Choc\u00f3n, donde la planificaci\u00f3n de redes aparece como un desaf\u00edo central para sostener la expansi\u00f3n del sector.<\/p>\n<p>Gentileza https:\/\/infoenergia.info\/<\/p>\n<p>Fotograf\u00eda Diario de Rivera<\/p>\n","protected":false},"excerpt":{"rendered":"<p>Neuqu\u00e9n (EP), 23 de enero \u201826. El inicio de 2026 trajo un avance relevante para el desarrollo de energ\u00edas renovables en el sur del pa\u00eds. La firma Akros, a trav\u00e9s de su subsidiaria Parque de Energ\u00eda E\u00f3lica Las Campanas S.A., present\u00f3 formalmente ante las autoridades nacionales la solicitud para ingresar como generador al Mercado El\u00e9ctrico &#8230;<\/p>\n","protected":false},"author":2,"featured_media":0,"comment_status":"closed","ping_status":"closed","sticky":false,"template":"","format":"standard","meta":{"footnotes":""},"categories":[13],"tags":[2581,1694,60,775],"class_list":["post-12131","post","type-post","status-publish","format-standard","hentry","category-energia","tag-las-campanas","tag-mercado-electrico-mayorista","tag-parque-eolico","tag-picun-leufu"],"_links":{"self":[{"href":"https:\/\/www.energiaspatagonicas.com\/index.php?rest_route=\/wp\/v2\/posts\/12131","targetHints":{"allow":["GET"]}}],"collection":[{"href":"https:\/\/www.energiaspatagonicas.com\/index.php?rest_route=\/wp\/v2\/posts"}],"about":[{"href":"https:\/\/www.energiaspatagonicas.com\/index.php?rest_route=\/wp\/v2\/types\/post"}],"author":[{"embeddable":true,"href":"https:\/\/www.energiaspatagonicas.com\/index.php?rest_route=\/wp\/v2\/users\/2"}],"replies":[{"embeddable":true,"href":"https:\/\/www.energiaspatagonicas.com\/index.php?rest_route=%2Fwp%2Fv2%2Fcomments&post=12131"}],"version-history":[{"count":1,"href":"https:\/\/www.energiaspatagonicas.com\/index.php?rest_route=\/wp\/v2\/posts\/12131\/revisions"}],"predecessor-version":[{"id":12133,"href":"https:\/\/www.energiaspatagonicas.com\/index.php?rest_route=\/wp\/v2\/posts\/12131\/revisions\/12133"}],"wp:attachment":[{"href":"https:\/\/www.energiaspatagonicas.com\/index.php?rest_route=%2Fwp%2Fv2%2Fmedia&parent=12131"}],"wp:term":[{"taxonomy":"category","embeddable":true,"href":"https:\/\/www.energiaspatagonicas.com\/index.php?rest_route=%2Fwp%2Fv2%2Fcategories&post=12131"},{"taxonomy":"post_tag","embeddable":true,"href":"https:\/\/www.energiaspatagonicas.com\/index.php?rest_route=%2Fwp%2Fv2%2Ftags&post=12131"}],"curies":[{"name":"wp","href":"https:\/\/api.w.org\/{rel}","templated":true}]}}