{"id":12146,"date":"2026-01-23T17:23:26","date_gmt":"2026-01-23T17:23:26","guid":{"rendered":"https:\/\/www.energiaspatagonicas.com\/?p=12146"},"modified":"2026-01-23T17:23:26","modified_gmt":"2026-01-23T17:23:26","slug":"mas-de-25-gremios-se-declararon-en-estado-de-alerta-y-unidad-frente-a-la-reforma-laboral","status":"publish","type":"post","link":"https:\/\/www.energiaspatagonicas.com\/?p=12146","title":{"rendered":"M\u00e1s de 25 gremios se declararon en estado de alerta y unidad frente a la reforma laboral"},"content":{"rendered":"<p>Buenos Aires (EP), 23 de enero \u201826. En una concurrida reuni\u00f3n en la sede de la Uni\u00f3n Obrera Metal\u00fargica (UOM), representantes de m\u00e1s de 25 organizaciones sindicales de diversas ramas productivas y de servicios se reunieron con el objetivo de unificar estrategias y fortalecer la postura del movimiento obrero frente al proyecto de reforma laboral impulsado por el Gobierno Nacional.<\/p>\n<p>Durante el encuentro, los dirigentes manifestaron su respaldo total a las gestiones de los co-secretarios generales de la CGT y subrayaron la necesidad de enfrentar el avance sobre los derechos laborales desde tres frentes simult\u00e1neos: el jur\u00eddico, el legislativo y el di\u00e1logo pol\u00edtico.<\/p>\n<p>Unidad contra la flexibilizaci\u00f3n<\/p>\n<p>Los gremios participantes emitieron una fuerte cr\u00edtica hacia las medidas que intenta implementar la gesti\u00f3n del presidente Javier Milei, calific\u00e1ndolas como un \u00abintento de flexibilizaci\u00f3n laboral\u00bb dise\u00f1ado para facilitar despidos en grandes empresas y profundizar la destrucci\u00f3n del sistema productivo argentino.<\/p>\n<p>\u00abQueremos aportar ideas y unir esfuerzos para que las estrategias nos encuentren de pie y en lucha, con unidad y propuestas concretas\u00bb, expresaron los participantes de la convocatoria, encabezada por Abel Furl\u00e1n, secretario general de la UOM.<\/p>\n<p>Advertencia a los gobernadores<\/p>\n<p>Uno de los puntos de mayor tensi\u00f3n en la reuni\u00f3n fue el rol de los mandatarios provinciales en la negociaci\u00f3n con el Poder Ejecutivo. Los sindicatos fueron tajantes: \u00abLos gobernadores no pueden negociar exclusivamente en base a sus intereses locales, llev\u00e1ndose puestos los derechos de todos los trabajadores\u00bb. En ese sentido, exigieron que las organizaciones sindicales tengan un lugar central en cualquier mesa de discusi\u00f3n con el Gobierno.<\/p>\n<p>Sectores representados<\/p>\n<p>La reuni\u00f3n cont\u00f3 con la participaci\u00f3n de referentes de la industria, transporte, servicios, fluvial, aeron\u00e1uticos, ferroviarios, aceiteros, viales, mineros, remiseros, molineros, personal superior de energ\u00eda, gr\u00e1ficos, industria del hielo, pilotos y capitanes de ultramar, entre otros.<\/p>\n<p>Como parte del plan de acci\u00f3n, se confirm\u00f3 una nueva convocatoria para el pr\u00f3ximo mi\u00e9rcoles 28 a las 16:00 horas, nuevamente en la sede de la UOM, donde se terminar\u00e1n de definir las l\u00edneas de acci\u00f3n.<\/p>\n<p>Gentileza https:\/\/oncediario.com.ar\/<\/p>\n<p>Fotograf\u00eda Gesti\u00f3n Sindical<\/p>\n<p>&nbsp;<\/p>\n","protected":false},"excerpt":{"rendered":"<p>Buenos Aires (EP), 23 de enero \u201826. En una concurrida reuni\u00f3n en la sede de la Uni\u00f3n Obrera Metal\u00fargica (UOM), representantes de m\u00e1s de 25 organizaciones sindicales de diversas ramas productivas y de servicios se reunieron con el objetivo de unificar estrategias y fortalecer la postura del movimiento obrero frente al proyecto de reforma laboral &#8230;<\/p>\n","protected":false},"author":2,"featured_media":0,"comment_status":"closed","ping_status":"closed","sticky":false,"template":"","format":"standard","meta":{"footnotes":""},"categories":[12],"tags":[1485,1238,1486,948,2922],"class_list":["post-12146","post","type-post","status-publish","format-standard","hentry","category-empresas","tag-alerta","tag-gremios","tag-movilizacion","tag-reclamo","tag-reforma-laboral"],"_links":{"self":[{"href":"https:\/\/www.energiaspatagonicas.com\/index.php?rest_route=\/wp\/v2\/posts\/12146","targetHints":{"allow":["GET"]}}],"collection":[{"href":"https:\/\/www.energiaspatagonicas.com\/index.php?rest_route=\/wp\/v2\/posts"}],"about":[{"href":"https:\/\/www.energiaspatagonicas.com\/index.php?rest_route=\/wp\/v2\/types\/post"}],"author":[{"embeddable":true,"href":"https:\/\/www.energiaspatagonicas.com\/index.php?rest_route=\/wp\/v2\/users\/2"}],"replies":[{"embeddable":true,"href":"https:\/\/www.energiaspatagonicas.com\/index.php?rest_route=%2Fwp%2Fv2%2Fcomments&post=12146"}],"version-history":[{"count":1,"href":"https:\/\/www.energiaspatagonicas.com\/index.php?rest_route=\/wp\/v2\/posts\/12146\/revisions"}],"predecessor-version":[{"id":12148,"href":"https:\/\/www.energiaspatagonicas.com\/index.php?rest_route=\/wp\/v2\/posts\/12146\/revisions\/12148"}],"wp:attachment":[{"href":"https:\/\/www.energiaspatagonicas.com\/index.php?rest_route=%2Fwp%2Fv2%2Fmedia&parent=12146"}],"wp:term":[{"taxonomy":"category","embeddable":true,"href":"https:\/\/www.energiaspatagonicas.com\/index.php?rest_route=%2Fwp%2Fv2%2Fcategories&post=12146"},{"taxonomy":"post_tag","embeddable":true,"href":"https:\/\/www.energiaspatagonicas.com\/index.php?rest_route=%2Fwp%2Fv2%2Ftags&post=12146"}],"curies":[{"name":"wp","href":"https:\/\/api.w.org\/{rel}","templated":true}]}}