{"id":1235,"date":"2023-07-04T08:00:17","date_gmt":"2023-07-04T08:00:17","guid":{"rendered":"https:\/\/www.energiaspatagonicas.com\/?p=1235"},"modified":"2023-07-04T03:00:05","modified_gmt":"2023-07-04T03:00:05","slug":"cerros-bayos-rogaciano-y-piedras-coloradas-la-pampa-aprobo-la-ley-de-mineria","status":"publish","type":"post","link":"https:\/\/www.energiaspatagonicas.com\/?p=1235","title":{"rendered":"Cerros Bayos, Rogaciano y Piedras Coloradas: La Pampa aprob\u00f3 la ley de miner\u00eda"},"content":{"rendered":"<p>La Pampa \u00a0(EP), 4 de julio 2023. La Legislatura aprob\u00f3 ley de miner\u00eda sustentable.<\/p>\n<p>La Legislatura provincial aprob\u00f3 hoy \u2013con el voto de la mayor\u00eda y la negativa de la oposici\u00f3n- el proyecto de ley del Gobierno provincial que declara de \u00abinter\u00e9s estrat\u00e9gico\u00bb la prospecci\u00f3n, exploraci\u00f3n y explotaci\u00f3n de los Cerros Bayos el Cerro Rogaciano y Piedras Coloradas.<\/p>\n<p>Marc\u00f3 sus diferencias la oposici\u00f3n \u2013representada por los bloques de la UCR, Propuesta Federal y Comunidad Organizada&#8211;, se\u00f1alando \u201ccarencias t\u00e9cnicas\u201d.<\/p>\n<p>Como se informara, la iniciativa \u2013seg\u00fan se explic\u00f3- \u201capunta a desarrollar la miner\u00eda a largo plazo con dos ejes fundamentales: promover una miner\u00eda sustentable e integrar la actividad en el entramado provincial y nacional en busca de mercados\u201d.<\/p>\n<p>Desde el Gobierno provincial se sostuvo que \u201cde esa manera se podr\u00eda ampliar la matriz minera de la provincia, impulsar el desarrollo socioecon\u00f3mico de las comunidades que se encuentran vinculadas con la actividad minera y mantener activas las canteras que existen en tierras fiscales\u201d.<\/p>\n<p>Con respecto a la explotaci\u00f3n de los cerros se inform\u00f3 que forman parte de \u201cla tercera categor\u00eda de minerales dentro de los \u00e1ridos\u201d, y que puede ser un aporte para la construcci\u00f3n; la industria de la cal, el cemento y la elaboraci\u00f3n de productos agrominerales, ya que contribuyen a regular el ph de los suelos. Tiene usos potenciales variados\u201d, se dijo.<\/p>\n<p>Ariel Rojas, como miembro informante de la bancada del Frejupa, explic\u00f3 que \u201cla actividad minera tiene nuevos horizontes. El objetivo es una pol\u00edtica a largo plazo de manera sustentable\u201d.<\/p>\n<p>La radical Andrea Valderrama justific\u00f3 el voto negativo de su bloque. \u201cEl Cerro Piedras Coloradas abarca inmuebles que pertenecen a condominios privados. Adem\u00e1s se pretende hacer un excepci\u00f3n de la ley de miner\u00eda provincial\u201d, marc\u00f3 la diputada entre otras disidencias.<\/p>\n<p>\u201cCarencias t\u00e9cnicas\u201d<\/p>\n<p>Por su parte la macrista Laura Trapaglia se\u00f1al\u00f3 que \u201cel proyecto tiene carencias t\u00e9cnicas, es muy amplio y poco preciso. Tampoco sabemos si hay estudios de impacto ambiental. El proyecto en ning\u00fan momento habla de fomentar una actividad que implique valor agregado\u201d, dijo.<\/p>\n<p>Tambi\u00e9n Sandra Fonseca abog\u00f3 por un informe de impacto ambiental.<\/p>\n<p>Espartaco Mar\u00edn expres\u00f3 que \u201cesta iniciativa pretende darle valor agregado a la materia prima que tenemos. Adem\u00e1s quiero a Pampetrol que est\u00e9 trabajando en esos lugares. Tambi\u00e9n se ha dejado claro que se va a realizar el estudio de impacto ambiental\u201d.<\/p>\n<p>Fuente: La Arena<\/p>\n","protected":false},"excerpt":{"rendered":"<p>La Pampa \u00a0(EP), 4 de julio 2023. La Legislatura aprob\u00f3 ley de miner\u00eda sustentable. La Legislatura provincial aprob\u00f3 hoy \u2013con el voto de la mayor\u00eda y la negativa de la oposici\u00f3n- el proyecto de ley del Gobierno provincial que declara de \u00abinter\u00e9s estrat\u00e9gico\u00bb la prospecci\u00f3n, exploraci\u00f3n y explotaci\u00f3n de los Cerros Bayos el Cerro Rogaciano &#8230;<\/p>\n","protected":false},"author":2,"featured_media":0,"comment_status":"closed","ping_status":"closed","sticky":false,"template":"","format":"standard","meta":{"footnotes":""},"categories":[16],"tags":[247,248,246,250,231,97,21,249,62],"class_list":["post-1235","post","type-post","status-publish","format-standard","hentry","category-mineria","tag-cerro-bayo","tag-cerro-rogaciano","tag-diputados","tag-impacto-ambiental","tag-la-pampa","tag-ley","tag-mineria","tag-piedras-coloradas","tag-proyecto"],"_links":{"self":[{"href":"https:\/\/www.energiaspatagonicas.com\/index.php?rest_route=\/wp\/v2\/posts\/1235","targetHints":{"allow":["GET"]}}],"collection":[{"href":"https:\/\/www.energiaspatagonicas.com\/index.php?rest_route=\/wp\/v2\/posts"}],"about":[{"href":"https:\/\/www.energiaspatagonicas.com\/index.php?rest_route=\/wp\/v2\/types\/post"}],"author":[{"embeddable":true,"href":"https:\/\/www.energiaspatagonicas.com\/index.php?rest_route=\/wp\/v2\/users\/2"}],"replies":[{"embeddable":true,"href":"https:\/\/www.energiaspatagonicas.com\/index.php?rest_route=%2Fwp%2Fv2%2Fcomments&post=1235"}],"version-history":[{"count":1,"href":"https:\/\/www.energiaspatagonicas.com\/index.php?rest_route=\/wp\/v2\/posts\/1235\/revisions"}],"predecessor-version":[{"id":1237,"href":"https:\/\/www.energiaspatagonicas.com\/index.php?rest_route=\/wp\/v2\/posts\/1235\/revisions\/1237"}],"wp:attachment":[{"href":"https:\/\/www.energiaspatagonicas.com\/index.php?rest_route=%2Fwp%2Fv2%2Fmedia&parent=1235"}],"wp:term":[{"taxonomy":"category","embeddable":true,"href":"https:\/\/www.energiaspatagonicas.com\/index.php?rest_route=%2Fwp%2Fv2%2Fcategories&post=1235"},{"taxonomy":"post_tag","embeddable":true,"href":"https:\/\/www.energiaspatagonicas.com\/index.php?rest_route=%2Fwp%2Fv2%2Ftags&post=1235"}],"curies":[{"name":"wp","href":"https:\/\/api.w.org\/{rel}","templated":true}]}}