{"id":12639,"date":"2026-03-10T12:28:09","date_gmt":"2026-03-10T12:28:09","guid":{"rendered":"https:\/\/www.energiaspatagonicas.com\/?p=12639"},"modified":"2026-03-10T12:28:09","modified_gmt":"2026-03-10T12:28:09","slug":"ypf-no-tocara-el-precio-de-los-combustibles-por-el-conflicto-en-iran","status":"publish","type":"post","link":"https:\/\/www.energiaspatagonicas.com\/?p=12639","title":{"rendered":"YPF no tocar\u00e1 el precio de los combustibles por el conflicto en Ir\u00e1n"},"content":{"rendered":"<p>Buenos Aires (EP), 10 de marzo \u201826. As\u00ed lo expres\u00f3 el Presidente de la empresa petrolera, Horacio Mar\u00edn. La estrategia que har\u00e1 sostener el costo y que explic\u00f3 el CEO.<\/p>\n<p>El presidente y CEO de YPF, Horacio Mar\u00edn, dijo el lunes 9 de marzo que no tocar\u00e1n el precio de los combustibles, a pesar de la escalada en el costo del petr\u00f3leo por la guerra en Medio Oriente.<\/p>\n<p>As\u00ed lo expres\u00f3 Mar\u00edn en un posteo oficial en su cuenta de X: \u201cEntiendo la incertidumbre que genera la volatilidad del precio internacional del petr\u00f3leo, por eso creo importante reafirmar nuestra posici\u00f3n\u201d.<\/p>\n<p>\u201c@YPFoficial no va generar cimbronazos en los precios de los combustibles, somos prudentes y estamos honrando nuestro compromiso honesto con los consumidores\u201d, escribi\u00f3 el titular de la compa\u00f1\u00eda.<\/p>\n<p>Seg\u00fan Mar\u00edn, YPF trabaja \u201ccon una estrategia de micropricing para ir analizando los precios d\u00eda a d\u00eda, semana a semana y mediante el sistema de moving average\u201d donde podr\u00e1n \u201catenuar picos de aumento y bajas dando mayor previsibilidad a los consumidores, teniendo un precio m\u00e1s estable\u201d.<\/p>\n<p>\u201cLa volatilidad y la incertidumbre no genera valor real sino especulaci\u00f3n de corto plazo y nosotros buscamos ser confiables en el tiempo\u201d, cerr\u00f3.<\/p>\n<p>Gentileza Noticias Argentinas<\/p>\n<p>&nbsp;<\/p>\n","protected":false},"excerpt":{"rendered":"<p>Buenos Aires (EP), 10 de marzo \u201826. As\u00ed lo expres\u00f3 el Presidente de la empresa petrolera, Horacio Mar\u00edn. La estrategia que har\u00e1 sostener el costo y que explic\u00f3 el CEO. El presidente y CEO de YPF, Horacio Mar\u00edn, dijo el lunes 9 de marzo que no tocar\u00e1n el precio de los combustibles, a pesar de &#8230;<\/p>\n","protected":false},"author":2,"featured_media":12640,"comment_status":"closed","ping_status":"closed","sticky":false,"template":"","format":"standard","meta":{"footnotes":""},"categories":[12],"tags":[190,3818,3076,902,901,528,108],"class_list":["post-12639","post","type-post","status-publish","format-standard","has-post-thumbnail","hentry","category-empresas","tag-combustibles","tag-cotizacion-del-dolar","tag-guerra","tag-iran","tag-medio-ariente","tag-precio","tag-ypf"],"_links":{"self":[{"href":"https:\/\/www.energiaspatagonicas.com\/index.php?rest_route=\/wp\/v2\/posts\/12639","targetHints":{"allow":["GET"]}}],"collection":[{"href":"https:\/\/www.energiaspatagonicas.com\/index.php?rest_route=\/wp\/v2\/posts"}],"about":[{"href":"https:\/\/www.energiaspatagonicas.com\/index.php?rest_route=\/wp\/v2\/types\/post"}],"author":[{"embeddable":true,"href":"https:\/\/www.energiaspatagonicas.com\/index.php?rest_route=\/wp\/v2\/users\/2"}],"replies":[{"embeddable":true,"href":"https:\/\/www.energiaspatagonicas.com\/index.php?rest_route=%2Fwp%2Fv2%2Fcomments&post=12639"}],"version-history":[{"count":1,"href":"https:\/\/www.energiaspatagonicas.com\/index.php?rest_route=\/wp\/v2\/posts\/12639\/revisions"}],"predecessor-version":[{"id":12641,"href":"https:\/\/www.energiaspatagonicas.com\/index.php?rest_route=\/wp\/v2\/posts\/12639\/revisions\/12641"}],"wp:featuredmedia":[{"embeddable":true,"href":"https:\/\/www.energiaspatagonicas.com\/index.php?rest_route=\/wp\/v2\/media\/12640"}],"wp:attachment":[{"href":"https:\/\/www.energiaspatagonicas.com\/index.php?rest_route=%2Fwp%2Fv2%2Fmedia&parent=12639"}],"wp:term":[{"taxonomy":"category","embeddable":true,"href":"https:\/\/www.energiaspatagonicas.com\/index.php?rest_route=%2Fwp%2Fv2%2Fcategories&post=12639"},{"taxonomy":"post_tag","embeddable":true,"href":"https:\/\/www.energiaspatagonicas.com\/index.php?rest_route=%2Fwp%2Fv2%2Ftags&post=12639"}],"curies":[{"name":"wp","href":"https:\/\/api.w.org\/{rel}","templated":true}]}}