{"id":12642,"date":"2026-03-10T12:34:35","date_gmt":"2026-03-10T12:34:35","guid":{"rendered":"https:\/\/www.energiaspatagonicas.com\/?p=12642"},"modified":"2026-03-10T12:34:35","modified_gmt":"2026-03-10T12:34:35","slug":"autorizan-el-ingreso-al-mem-al-parque-solar-hunuc-i-de-central-puerto-de-140-mw","status":"publish","type":"post","link":"https:\/\/www.energiaspatagonicas.com\/?p=12642","title":{"rendered":"Autorizan el ingreso al MEM al Parque Solar Hunuc I de Central Puerto, de 140 MW"},"content":{"rendered":"<p>San Juan (EP), 10 de marzo \u201826. La Secretar\u00eda de Energ\u00eda habilit\u00f3 a la empresa como agente generador del Mercado El\u00e9ctrico Mayorista (MEM) para su proyecto fotovoltaico en la provincia de San Juan, que prev\u00e9 conexi\u00f3n al SADI mediante una nueva estaci\u00f3n transformadora y contempla una expansi\u00f3n futura de hasta 380 MW.<\/p>\n<p>La Secretar\u00eda de Energ\u00eda, que depende del Ministerio de Econom\u00eda de Argentina, autoriz\u00f3 el ingreso como agente generador del Mercado El\u00e9ctrico Mayorista (MEM) a Central Puerto para el proyecto Parque Solar Fotovoltaico Hunuc I, con una potencia instalada de 140 MW, que se ubicar\u00e1 en el departamento de Sarmiento, en la provincia de San Juan, y se conectar\u00e1 al Sistema Argentino de Interconexi\u00f3n (SADI).<\/p>\n<p>Seg\u00fan la resoluci\u00f3n, el proyecto se conectar\u00e1 en barras de 132 kV de la futura estaci\u00f3n transformadora Hunuc, bajo jurisdicci\u00f3n de la empresa de transporte por distribuci\u00f3n troncal Distrocuyo S.A.<\/p>\n<p>La interconexi\u00f3n del parque se realizar\u00e1 mediante salidas de l\u00edneas independientes que evacuar\u00e1n energ\u00eda hacia la estaci\u00f3n transformadora San Juan, mediante conexi\u00f3n a la l\u00ednea de 132 kilovoltios Ca\u00f1ada Honda-San Juan, y hacia la estaci\u00f3n transformadora Cruz de Piedra, mediante enlace con la l\u00ednea de 132 kilovoltios Ca\u00f1ada Honda-Cruz de Piedra. Ambas conexiones se ejecutar\u00e1n en las inmediaciones de la estaci\u00f3n transformadora Ca\u00f1ada Honda.<\/p>\n<p>La resoluci\u00f3n tambi\u00e9n instruye a la Compa\u00f1\u00eda Administradora del Mercado Mayorista El\u00e9ctrico (CAMMESA) a asignar a Central Puerto los sobrecostos o penalidades que puedan generarse para otros agentes del MEM en caso de indisponibilidades vinculadas con el ingreso del proyecto al sistema.<\/p>\n<p>Hunuc I forma parte de la estrategia de expansi\u00f3n renovable de Central Puerto en la provincia de San Juan. El proyecto, anunciado en octubre pasado, prev\u00e9 una capacidad inicial de 140 MW y contempla la posibilidad de ampliarse en etapas posteriores hasta alcanzar aproximadamente 380 MW.<\/p>\n<p>La planta fotovoltaica se desarrollar\u00e1 sobre una superficie cercana a 690 hect\u00e1reas y aspira a integrarse al sistema el\u00e9ctrico nacional a trav\u00e9s de una nueva estaci\u00f3n transformadora. El expediente ambiental del proyecto se encuentra en evaluaci\u00f3n ante la Direcci\u00f3n de Evaluaci\u00f3n e Impacto Ambiental de la provincia, que convoc\u00f3 a una audiencia p\u00fablica para analizar sus aspectos t\u00e9cnicos y ambientales.<\/p>\n<p>El desarrollo se inscribe en el creciente inter\u00e9s de Central Puerto por consolidar su presencia en el sector solar sanjuanino. En 2023 la empresa adquiri\u00f3 el parque Gua\u00f1izuil II, ubicado en el departamento Iglesia, con una potencia de 117 MW en corriente continua y una producci\u00f3n anual estimada en 300 GWh.<\/p>\n<p>La compa\u00f1\u00eda gestiona sus proyectos renovables a trav\u00e9s de la divisi\u00f3n CP Renovables, que agrupa iniciativas de generaci\u00f3n limpia y servicios energ\u00e9ticos para clientes industriales. Seg\u00fan informaci\u00f3n de la empresa, su cartera de proyectos renovables supera los 483,8 MW de capacidad instalada.<\/p>\n<p>La ubicaci\u00f3n del proyecto Hunuc I tambi\u00e9n se vincula con el crecimiento de la demanda el\u00e9ctrica asociada a la actividad minera en San Juan, especialmente a emprendimientos de cobre en desarrollo en la regi\u00f3n.<\/p>\n<p>Gentileza https:\/\/www.pv-magazine-latam.com\/<\/p>\n<p>Fotograf\u00eda C\u00e1mara Minera de San Juan<\/p>\n","protected":false},"excerpt":{"rendered":"<p>San Juan (EP), 10 de marzo \u201826. La Secretar\u00eda de Energ\u00eda habilit\u00f3 a la empresa como agente generador del Mercado El\u00e9ctrico Mayorista (MEM) para su proyecto fotovoltaico en la provincia de San Juan, que prev\u00e9 conexi\u00f3n al SADI mediante una nueva estaci\u00f3n transformadora y contempla una expansi\u00f3n futura de hasta 380 MW. La Secretar\u00eda de &#8230;<\/p>\n","protected":false},"author":2,"featured_media":12643,"comment_status":"closed","ping_status":"closed","sticky":false,"template":"","format":"standard","meta":{"footnotes":""},"categories":[13],"tags":[129,932,59,98,3105,3819,226,99],"class_list":["post-12642","post","type-post","status-publish","format-standard","has-post-thumbnail","hentry","category-energia","tag-cammesa","tag-central-puerto","tag-energia","tag-generacion","tag-mercado-electrico","tag-parque-solar-hunuc-i","tag-san-juan","tag-solar"],"_links":{"self":[{"href":"https:\/\/www.energiaspatagonicas.com\/index.php?rest_route=\/wp\/v2\/posts\/12642","targetHints":{"allow":["GET"]}}],"collection":[{"href":"https:\/\/www.energiaspatagonicas.com\/index.php?rest_route=\/wp\/v2\/posts"}],"about":[{"href":"https:\/\/www.energiaspatagonicas.com\/index.php?rest_route=\/wp\/v2\/types\/post"}],"author":[{"embeddable":true,"href":"https:\/\/www.energiaspatagonicas.com\/index.php?rest_route=\/wp\/v2\/users\/2"}],"replies":[{"embeddable":true,"href":"https:\/\/www.energiaspatagonicas.com\/index.php?rest_route=%2Fwp%2Fv2%2Fcomments&post=12642"}],"version-history":[{"count":1,"href":"https:\/\/www.energiaspatagonicas.com\/index.php?rest_route=\/wp\/v2\/posts\/12642\/revisions"}],"predecessor-version":[{"id":12644,"href":"https:\/\/www.energiaspatagonicas.com\/index.php?rest_route=\/wp\/v2\/posts\/12642\/revisions\/12644"}],"wp:featuredmedia":[{"embeddable":true,"href":"https:\/\/www.energiaspatagonicas.com\/index.php?rest_route=\/wp\/v2\/media\/12643"}],"wp:attachment":[{"href":"https:\/\/www.energiaspatagonicas.com\/index.php?rest_route=%2Fwp%2Fv2%2Fmedia&parent=12642"}],"wp:term":[{"taxonomy":"category","embeddable":true,"href":"https:\/\/www.energiaspatagonicas.com\/index.php?rest_route=%2Fwp%2Fv2%2Fcategories&post=12642"},{"taxonomy":"post_tag","embeddable":true,"href":"https:\/\/www.energiaspatagonicas.com\/index.php?rest_route=%2Fwp%2Fv2%2Ftags&post=12642"}],"curies":[{"name":"wp","href":"https:\/\/api.w.org\/{rel}","templated":true}]}}