{"id":12663,"date":"2026-03-11T13:00:27","date_gmt":"2026-03-11T13:00:27","guid":{"rendered":"https:\/\/www.energiaspatagonicas.com\/?p=12663"},"modified":"2026-03-11T13:00:27","modified_gmt":"2026-03-11T13:00:27","slug":"cerro-vanguardia-refuerza-su-compromiso-con-el-desarrollo-sostenible-de-puerto-san-julian","status":"publish","type":"post","link":"https:\/\/www.energiaspatagonicas.com\/?p=12663","title":{"rendered":"Cerro Vanguardia refuerza su compromiso con el desarrollo sostenible de Puerto San Juli\u00e1n"},"content":{"rendered":"<p>Santa Cruz (EP), 11 de marzo \u201826. Para que una comunidad pueda desarrollarse de manera sostenible, la construcci\u00f3n de alianzas estrat\u00e9gicas, basadas en la planificaci\u00f3n a largo plazo, el fortalecimiento institucional y el trabajo colaborativo, son clave. De esta manera se impulsan capacidades locales, se ordenan prioridades y se transforman los desaf\u00edos del territorio en oportunidades de desarrollo.<\/p>\n<p>Bajo esta premisa Cerro Vanguardia S.A. (CVSA) profundiza su v\u00ednculo estrat\u00e9gico con el Grupo de Fundaciones y Empresas (GDFE), organizaci\u00f3n que promueve iniciativas de impacto social, para consolidar su compromiso con la sustentabilidad, el fortalecimiento institucional y el desarrollo de Puerto San Juli\u00e1n.<\/p>\n<p>Esta alianza se materializa, en primer lugar, a trav\u00e9s de la renovaci\u00f3n del acuerdo de trabajo entre la Fundaci\u00f3n Agencia de Desarrollo de Puerto San Juli\u00e1n, (FAD), instituci\u00f3n p\u00fablico-privado de la cual CVSA es socio fundador, y el Laboratorio P\u00fablico-Privado (LAB), iniciativa del GDFE junto a la Red de Innovaci\u00f3n Local (RIL) que impulsa procesos de articulaci\u00f3n e innovaci\u00f3n para el desarrollo sostenible.<\/p>\n<p>La renovaci\u00f3n del acuerdo LAB\u2013FAD da continuidad a un proceso iniciado en a\u00f1os anteriores, durante el cual se identificaron y consensuaron ejes estrat\u00e9gicos clave para el desarrollo local. En esta nueva etapa de trabajo de dos a\u00f1os, se focalizar\u00e1 en el fortalecimiento institucional de la FAD y en la formulaci\u00f3n de un Plan Estrat\u00e9gico Participativo para el desarrollo territorial de la ciudad.<\/p>\n<p>En este marco, el LAB acompa\u00f1ar\u00e1 t\u00e9cnicamente a la FAD en un proceso que contempla, en un primer momento, la consolidaci\u00f3n de sus bases institucionales, la revisi\u00f3n de su gobernanza, la definici\u00f3n de lineamientos de gesti\u00f3n y el desarrollo de capacidades operativas; y en segunda instancia, en la elaboraci\u00f3n y validaci\u00f3n de un Plan Estrat\u00e9gico que ordene prioridades, servicios y un modelo de sostenibilidad para el per\u00edodo 2026\u20132030.<\/p>\n<p>Este hito se enmarca en el acompa\u00f1amiento sostenido que CVSA brinda a la FAD, como socio estrat\u00e9gico para canalizar el compromiso de la compa\u00f1\u00eda con el desarrollo local, integrando financiamiento privado con prioridades p\u00fablicas y generando impacto directo en la calidad de vida de la comunidad.<\/p>\n<p>Por otro lado, CVSA se incorpora como socio del Grupo de Fundaciones y Empresas (GDFE), un espacio que re\u00fane a empresas y fundaciones comprometidas con el desarrollo sostenible, la innovaci\u00f3n social y la articulaci\u00f3n p\u00fablico-privada, refuerza esta visi\u00f3n de trabajo colaborativo orientada a generar impacto positivo y perdurable en los territorios.<\/p>\n<p>\u201cLa incorporaci\u00f3n de CVSA al GDFE es una muestra de c\u00f3mo las empresas pueden involucrarse activamente en el desarrollo de los territorios donde operan, a trav\u00e9s de la generaci\u00f3n de misiones comunes y la alineaci\u00f3n de recursos y capacidades entre los diferentes sectores. Este tipo de experiencias generan aprendizajes que pueden ser compartidos y replicados en otros contextos del pa\u00eds.\u201d, se\u00f1al\u00f3 Javier Garc\u00eda Moritan, director ejecutivo del GDFE.<\/p>\n<p><img loading=\"lazy\" decoding=\"async\" class=\"alignnone size-medium wp-image-8482 aligncenter\" src=\"https:\/\/www.energiaspatagonicas.com\/wp-content\/uploads\/2025\/03\/Cerro-Vanguardia-logo-300x279.jpg\" alt=\"\" width=\"300\" height=\"279\" srcset=\"https:\/\/www.energiaspatagonicas.com\/wp-content\/uploads\/2025\/03\/Cerro-Vanguardia-logo-300x279.jpg 300w, https:\/\/www.energiaspatagonicas.com\/wp-content\/uploads\/2025\/03\/Cerro-Vanguardia-logo-335x312.jpg 335w, https:\/\/www.energiaspatagonicas.com\/wp-content\/uploads\/2025\/03\/Cerro-Vanguardia-logo.jpg 555w\" sizes=\"auto, (max-width: 300px) 100vw, 300px\" \/><\/p>\n<p>Por su parte, Agust\u00edn del Castillo, gerente de Asuntos Institucionales y Comunicaci\u00f3n de Cerro Vanguardia, afirma: \u201cDesde hace varios a\u00f1os venimos trabajando de manera sostenida en Puerto San Juli\u00e1n para fortalecer capacidades locales y construir una agenda de desarrollo con mirada de largo plazo. Esta nueva etapa consolida un camino que ya permiti\u00f3 ordenar prioridades, fortalecer una instituci\u00f3n clave para la ciudad y avanzar hacia un plan estrat\u00e9gico que potencie las oportunidades del territorio.\u201d<\/p>\n<p>Con estas iniciativas, CVSA reafirma su compromiso de m\u00e1s de 27 a\u00f1os con el desarrollo sostenible de Puerto San Juli\u00e1n y la provincia de Santa Cruz, impulsando procesos de planificaci\u00f3n estrat\u00e9gica, fortalecimiento institucional y trabajo colaborativo que contribuyen a generar mejores oportunidades y capacidades para el crecimiento local a largo plazo.<\/p>\n<p>&nbsp;<\/p>\n","protected":false},"excerpt":{"rendered":"<p>Santa Cruz (EP), 11 de marzo \u201826. Para que una comunidad pueda desarrollarse de manera sostenible, la construcci\u00f3n de alianzas estrat\u00e9gicas, basadas en la planificaci\u00f3n a largo plazo, el fortalecimiento institucional y el trabajo colaborativo, son clave. De esta manera se impulsan capacidades locales, se ordenan prioridades y se transforman los desaf\u00edos del territorio en &#8230;<\/p>\n","protected":false},"author":2,"featured_media":12664,"comment_status":"closed","ping_status":"closed","sticky":false,"template":"","format":"standard","meta":{"footnotes":""},"categories":[19],"tags":[468,461,69,3336,416],"class_list":["post-12663","post","type-post","status-publish","format-standard","has-post-thumbnail","hentry","category-rse","tag-cerro-vanguardia","tag-desarrollo-sostenible","tag-minera","tag-puerto-san-julian","tag-rse"],"_links":{"self":[{"href":"https:\/\/www.energiaspatagonicas.com\/index.php?rest_route=\/wp\/v2\/posts\/12663","targetHints":{"allow":["GET"]}}],"collection":[{"href":"https:\/\/www.energiaspatagonicas.com\/index.php?rest_route=\/wp\/v2\/posts"}],"about":[{"href":"https:\/\/www.energiaspatagonicas.com\/index.php?rest_route=\/wp\/v2\/types\/post"}],"author":[{"embeddable":true,"href":"https:\/\/www.energiaspatagonicas.com\/index.php?rest_route=\/wp\/v2\/users\/2"}],"replies":[{"embeddable":true,"href":"https:\/\/www.energiaspatagonicas.com\/index.php?rest_route=%2Fwp%2Fv2%2Fcomments&post=12663"}],"version-history":[{"count":1,"href":"https:\/\/www.energiaspatagonicas.com\/index.php?rest_route=\/wp\/v2\/posts\/12663\/revisions"}],"predecessor-version":[{"id":12665,"href":"https:\/\/www.energiaspatagonicas.com\/index.php?rest_route=\/wp\/v2\/posts\/12663\/revisions\/12665"}],"wp:featuredmedia":[{"embeddable":true,"href":"https:\/\/www.energiaspatagonicas.com\/index.php?rest_route=\/wp\/v2\/media\/12664"}],"wp:attachment":[{"href":"https:\/\/www.energiaspatagonicas.com\/index.php?rest_route=%2Fwp%2Fv2%2Fmedia&parent=12663"}],"wp:term":[{"taxonomy":"category","embeddable":true,"href":"https:\/\/www.energiaspatagonicas.com\/index.php?rest_route=%2Fwp%2Fv2%2Fcategories&post=12663"},{"taxonomy":"post_tag","embeddable":true,"href":"https:\/\/www.energiaspatagonicas.com\/index.php?rest_route=%2Fwp%2Fv2%2Ftags&post=12663"}],"curies":[{"name":"wp","href":"https:\/\/api.w.org\/{rel}","templated":true}]}}