{"id":12666,"date":"2026-03-11T13:11:54","date_gmt":"2026-03-11T13:11:54","guid":{"rendered":"https:\/\/www.energiaspatagonicas.com\/?p=12666"},"modified":"2026-03-11T13:11:54","modified_gmt":"2026-03-11T13:11:54","slug":"estiman-que-el-proyecto-minero-calcatreu-enviara-oro-y-plata-al-exterior-en-60-dias","status":"publish","type":"post","link":"https:\/\/www.energiaspatagonicas.com\/?p=12666","title":{"rendered":"Estiman que el proyecto minero Calcatreu enviar\u00e1 oro y plata al exterior en 60 d\u00edas"},"content":{"rendered":"<p>R\u00edo Negro (EP), 11 de marzo \u201826. El gobernador Alberto Weretilneck confirm\u00f3 desde Canad\u00e1 que el proyecto ubicado cerca de Ingeniero Jacobacci est\u00e1 en la etapa final antes de iniciar las exportaciones de metales preciosos.<\/p>\n<p>El gobernador de R\u00edo Negro, Alberto Weretilneck, anunci\u00f3 que el proyecto minero Calcatreu comenzar\u00e1 a exportar oro y plata en un plazo aproximado de 60 d\u00edas, lo que marcar\u00e1 el inicio de una nueva etapa para la actividad metal\u00edfera en la provincia.<\/p>\n<p>El anuncio se realiz\u00f3 durante una gira oficial por Canad\u00e1, donde el mandatario participa de la convenci\u00f3n minera PDAC, el encuentro m\u00e1s importante del mundo para la industria. All\u00ed, Weretilneck present\u00f3 las oportunidades de inversi\u00f3n que ofrece la provincia y destac\u00f3 que Calcatreu se encuentra en la fase final antes de iniciar el comercio exterior.<\/p>\n<p>El yacimiento est\u00e1 ubicado en el sur rionegrino, en cercan\u00edas de Ingeniero Jacobacci, y es uno de los proyectos metal\u00edferos m\u00e1s avanzados de la provincia. Su puesta en marcha permitir\u00e1 comenzar con la exportaci\u00f3n de metales preciosos y posicionar a R\u00edo Negro dentro del mapa minero argentino.<\/p>\n<p>Seg\u00fan explic\u00f3 el gobernador, el desarrollo de Calcatreu forma parte de una estrategia m\u00e1s amplia para diversificar la matriz productiva provincial y aprovechar la creciente demanda internacional de recursos minerales. En ese marco, destac\u00f3 que la provincia fue una de las primeras en adherir al R\u00e9gimen de Incentivo para Grandes Inversiones, una herramienta destinada a promover grandes proyectos de inversi\u00f3n y brindar previsibilidad a los capitales internacionales.<\/p>\n<p>Adem\u00e1s del avance de Calcatreu, la provincia impulsa otros proyectos mineros en distintas etapas de exploraci\u00f3n. Entre ellos se destaca el proyecto Ivana, orientado a la producci\u00f3n de uranio, que desarrolla la empresa Blue Sky Uranium en asociaci\u00f3n con Corporaci\u00f3n Am\u00e9rica.<\/p>\n<p>Durante su agenda en Canad\u00e1, Weretilneck tambi\u00e9n mantuvo reuniones con directivos de CANDU Energy para fortalecer la cooperaci\u00f3n tecnol\u00f3gica con la empresa rionegrina INVAP, una de las principales compa\u00f1\u00edas de alta tecnolog\u00eda del pa\u00eds en \u00e1reas como energ\u00eda nuclear, sat\u00e9lites y radares.<\/p>\n<p>El mandatario destac\u00f3 que el objetivo es ampliar la participaci\u00f3n de R\u00edo Negro en la cadena de valor de la industria nuclear y fortalecer la inserci\u00f3n internacional de la provincia. \u201cTrabajamos para vincular a\u00fan m\u00e1s a R\u00edo Negro y a INVAP con Canad\u00e1 y con el desarrollo de la energ\u00eda nuclear, que va a ser una de las energ\u00edas determinantes del futuro\u201d, se\u00f1al\u00f3.<\/p>\n<p>La gira oficial se desarrolla en el marco de una agenda institucional orientada a posicionar a R\u00edo Negro como un destino atractivo para nuevas inversiones en miner\u00eda, tecnolog\u00eda y energ\u00eda, sectores que el gobierno provincial considera claves para el desarrollo econ\u00f3mico y la generaci\u00f3n de empleo en los pr\u00f3ximos a\u00f1os.<\/p>\n<p>Gentileza https:\/\/www.rionegro.com.ar\/<\/p>\n<p>Fotograf\u00eda Goldmarket<\/p>\n<p>&nbsp;<\/p>\n","protected":false},"excerpt":{"rendered":"<p>R\u00edo Negro (EP), 11 de marzo \u201826. El gobernador Alberto Weretilneck confirm\u00f3 desde Canad\u00e1 que el proyecto ubicado cerca de Ingeniero Jacobacci est\u00e1 en la etapa final antes de iniciar las exportaciones de metales preciosos. El gobernador de R\u00edo Negro, Alberto Weretilneck, anunci\u00f3 que el proyecto minero Calcatreu comenzar\u00e1 a exportar oro y plata en &#8230;<\/p>\n","protected":false},"author":2,"featured_media":12667,"comment_status":"closed","ping_status":"closed","sticky":false,"template":"","format":"standard","meta":{"footnotes":""},"categories":[16],"tags":[1479,1937,2011,21,159,160,1025,165,135],"class_list":["post-12666","post","type-post","status-publish","format-standard","has-post-thumbnail","hentry","category-mineria","tag-blue-sky-uranium","tag-calcatreu","tag-jacobacci","tag-mineria","tag-oro","tag-plata","tag-proyecto-minero","tag-rio-negro","tag-uranio"],"_links":{"self":[{"href":"https:\/\/www.energiaspatagonicas.com\/index.php?rest_route=\/wp\/v2\/posts\/12666","targetHints":{"allow":["GET"]}}],"collection":[{"href":"https:\/\/www.energiaspatagonicas.com\/index.php?rest_route=\/wp\/v2\/posts"}],"about":[{"href":"https:\/\/www.energiaspatagonicas.com\/index.php?rest_route=\/wp\/v2\/types\/post"}],"author":[{"embeddable":true,"href":"https:\/\/www.energiaspatagonicas.com\/index.php?rest_route=\/wp\/v2\/users\/2"}],"replies":[{"embeddable":true,"href":"https:\/\/www.energiaspatagonicas.com\/index.php?rest_route=%2Fwp%2Fv2%2Fcomments&post=12666"}],"version-history":[{"count":1,"href":"https:\/\/www.energiaspatagonicas.com\/index.php?rest_route=\/wp\/v2\/posts\/12666\/revisions"}],"predecessor-version":[{"id":12668,"href":"https:\/\/www.energiaspatagonicas.com\/index.php?rest_route=\/wp\/v2\/posts\/12666\/revisions\/12668"}],"wp:featuredmedia":[{"embeddable":true,"href":"https:\/\/www.energiaspatagonicas.com\/index.php?rest_route=\/wp\/v2\/media\/12667"}],"wp:attachment":[{"href":"https:\/\/www.energiaspatagonicas.com\/index.php?rest_route=%2Fwp%2Fv2%2Fmedia&parent=12666"}],"wp:term":[{"taxonomy":"category","embeddable":true,"href":"https:\/\/www.energiaspatagonicas.com\/index.php?rest_route=%2Fwp%2Fv2%2Fcategories&post=12666"},{"taxonomy":"post_tag","embeddable":true,"href":"https:\/\/www.energiaspatagonicas.com\/index.php?rest_route=%2Fwp%2Fv2%2Ftags&post=12666"}],"curies":[{"name":"wp","href":"https:\/\/api.w.org\/{rel}","templated":true}]}}