{"id":12695,"date":"2026-03-13T15:12:04","date_gmt":"2026-03-13T15:12:04","guid":{"rendered":"https:\/\/www.energiaspatagonicas.com\/?p=12695"},"modified":"2026-03-13T15:12:04","modified_gmt":"2026-03-13T15:12:04","slug":"quitan-la-tarifa-social-del-gas-un-golpe-a-la-patagonia","status":"publish","type":"post","link":"https:\/\/www.energiaspatagonicas.com\/?p=12695","title":{"rendered":"Quitan la Tarifa Social del gas, un golpe a la Patagonia"},"content":{"rendered":"<p>Santa Cruz (EP), 13 de marzo \u201826. Senadores de las provincias patag\u00f3nicas presentaron un proyecto de ley para derogar la eliminaci\u00f3n de la Tarifa Social Federal de Gas, y restablecer el esquema de subsidios energ\u00e9ticos vigente hasta antes de las reformas impulsadas por el gobierno nacional.<\/p>\n<p>Seg\u00fan advirtieron los autores, la acci\u00f3n de la administraci\u00f3n central tiene consecuencias directas en las facturas que pagan los hogares argentinos, especialmente en las regiones de clima fr\u00edo.<\/p>\n<p>La iniciativa propone derogar el Decreto 465\/2024, el Decreto 943\/2025 y la Resoluci\u00f3n 101\/2026 del ENARGAS, normas que conforman el nuevo esquema de subsidios energ\u00e9ticos implementado por el gobierno del presidente Javier Milei.<\/p>\n<p>El proyecto est\u00e1 firmado por Cristina L\u00f3pez de Tierra de Fuego, Ana Marks y Mart\u00edn Soria de R\u00edo Negro, Alicia Kirchner de Santa Cruz, y Carlos Linares de Chubut. Y cuenta con el acompa\u00f1amiento de los senadores Jos\u00e9 Carambia (Santa Cruz), Pablo Bensus\u00e1n (La Pampa), Jos\u00e9 Mayans (Formosa), Luc\u00eda Corpacci (Catamarca), Jorge Capitanich (Chaco), Anabel Fern\u00e1ndez Sagasti (Mendoza), Florencia L\u00f3pez (La Rioja), Juliana Di Tullio (Buenos Aires), y Mar\u00eda Teresa Gonz\u00e1lez (Formosa).<\/p>\n<p>Restituir un modelo de Energ\u00eda con Equidad Social<\/p>\n<p>El proyecto plantea recuperar el enfoque de pol\u00edtica energ\u00e9tica basado en la equidad social y el acceso a la energ\u00eda como derecho, restableciendo las normas que reg\u00edan antes de las reformas recientes.<\/p>\n<p>En concreto, la iniciativa propone:<\/p>\n<ul>\n<li>Derogar el Decreto 465\/2024, que estableci\u00f3 el per\u00edodo de transici\u00f3n hacia un nuevo esquema de subsidios energ\u00e9ticos focalizados.<\/li>\n<li>Derogar el Decreto 943\/2025, que unific\u00f3 los subsidios energ\u00e9ticos nacionales bajo el r\u00e9gimen de Subsidios Energ\u00e9ticos Focalizados (SEF).<\/li>\n<li>Derogar la Resoluci\u00f3n 101\/2026 del ENARGAS, que elimin\u00f3 el programa de Tarifa Social Federal de Gas y modific\u00f3 el sistema de bonificaciones para usuarios residenciales y entidades de bien p\u00fablico.<\/li>\n<\/ul>\n<p>Al mismo tiempo, el proyecto establece la restituci\u00f3n plena de las pol\u00edticas p\u00fablicas energ\u00e9ticas vigentes previamente.<\/p>\n<p>Entre ellas:<\/p>\n<ul>\n<li>El Decreto 332\/2022, que establec\u00eda el r\u00e9gimen de segmentaci\u00f3n tarifaria en tres niveles de ingresos (N1, N2 y N3).<\/li>\n<li>La Tarifa Social Federal de Gas, creada por resoluciones del ex Ministerio de Energ\u00eda y Miner\u00eda y posteriormente actualizada por la Secretar\u00eda de Energ\u00eda.<\/li>\n<li>El Programa Hogares con Garrafa (HOGAR), destinado a garantizar el acceso al gas licuado de petr\u00f3leo a los hogares que no cuentan con conexi\u00f3n a redes de gas natural.<\/li>\n<\/ul>\n<p>Cr\u00edticas al nuevo esquema de subsidios de Milei<\/p>\n<p>En los fundamentos del proyecto, los legisladores sostienen que el nuevo modelo de subsidios energ\u00e9ticos responde a una pol\u00edtica de ajuste impulsada por el gobierno nacional, que impacta directamente en el bolsillo de los usuarios.<\/p>\n<p>Seg\u00fan se\u00f1alan, desde diciembre de 2023 las tarifas de servicios p\u00fablicos registraron incrementos muy superiores a la evoluci\u00f3n de los ingresos.<\/p>\n<p>De acuerdo con los datos citados en el proyecto:<\/p>\n<ul>\n<li>el precio de la electricidad acumul\u00f3 aumentos del 344%,<\/li>\n<li>el precio del gas registr\u00f3 subas del 617%,<\/li>\n<li>mientras que la inflaci\u00f3n fue del 171% y los salarios crecieron alrededor del 229% en el mismo per\u00edodo.<\/li>\n<\/ul>\n<p>Esto provoc\u00f3 que el peso de los servicios p\u00fablicos dentro del gasto de los hogares se multiplicara varias veces, generando una fuerte presi\u00f3n sobre la econom\u00eda familiar.<\/p>\n<p>Un nuevo r\u00e9gimen que reduce el alcance de los subsidios<\/p>\n<p>Los senadores tambi\u00e9n cuestionaron el funcionamiento del nuevo R\u00e9gimen de Subsidios Energ\u00e9ticos Focalizados (SEF), creado por el Decreto 943\/2025.<\/p>\n<p>Ese sistema reemplaz\u00f3 el esquema de segmentaci\u00f3n en tres niveles de ingresos por un modelo que divide a los usuarios en solo dos categor\u00edas:<\/p>\n<ul>\n<li>hogares con subsidios<\/li>\n<li>hogares sin subsidios.<\/li>\n<\/ul>\n<p>Seg\u00fan explicaron, bajo este esquema solo reciben subsidios los hogares con ingresos inferiores a tres canastas b\u00e1sicas totales, mientras que miles de familias que antes ten\u00edan alg\u00fan nivel de asistencia estatal quedan excluidas.<\/p>\n<p>Adem\u00e1s, el nuevo sistema concentra los subsidios sobre un \u201cconsumo base\u201d considerado indispensable.<\/p>\n<p>Esto significa que el beneficio se aplica \u00fanicamente hasta un determinado nivel de consumo y que todo lo que supere ese umbral se paga a precio pleno.<\/p>\n<p>Para los legisladores patag\u00f3nicos, ese criterio resulta especialmente problem\u00e1tico en regiones de bajas temperaturas, donde el consumo de gas para calefacci\u00f3n durante el invierno suele superar ampliamente ese nivel.<\/p>\n<p>\u201cEn zonas fr\u00edas, donde el gas es esencial para calefaccionarse durante gran parte del a\u00f1o, limitar los subsidios a un consumo base puede traducirse en facturas mucho m\u00e1s altas\u201d, advierten en los fundamentos del proyecto.<\/p>\n<p>Energ\u00eda como derecho y herramienta de desarrollo<\/p>\n<p>Los senadores sostienen que el acceso a la energ\u00eda debe ser considerado un derecho fundamental vinculado al desarrollo econ\u00f3mico, la inclusi\u00f3n social y la igualdad de oportunidades.<\/p>\n<p>En ese sentido, remarcan que el acceso a servicios energ\u00e9ticos modernos es un indicador clave del nivel de vida de una sociedad y una condici\u00f3n necesaria para la erradicaci\u00f3n de la pobreza.<\/p>\n<p>\u201cLas pol\u00edticas p\u00fablicas en materia energ\u00e9tica deben garantizar el acceso equitativo a la energ\u00eda, especialmente para los sectores m\u00e1s vulnerables\u201d, se\u00f1alan en el texto.<\/p>\n<p>Defensa de las regiones fr\u00edas<\/p>\n<p>Los senadores tambi\u00e9n destacaron que las provincias patag\u00f3nicas se encuentran entre las m\u00e1s afectadas por los cambios en el esquema de subsidios, debido a sus condiciones clim\u00e1ticas.<\/p>\n<p>En esas regiones, el consumo de gas para calefacci\u00f3n durante el invierno es considerablemente mayor que en el resto del pa\u00eds, por lo que la reducci\u00f3n de subsidios puede generar un impacto m\u00e1s fuerte en los hogares.<\/p>\n<p>Por ese motivo, los senadores de la Patagonia remarcaron la necesidad de garantizar un sistema tarifario que contemple las particularidades clim\u00e1ticas y sociales de cada regi\u00f3n.<\/p>\n<p>Gentileza https:\/\/www.adnrionegro.com.ar\/<\/p>\n","protected":false},"excerpt":{"rendered":"<p>Santa Cruz (EP), 13 de marzo \u201826. Senadores de las provincias patag\u00f3nicas presentaron un proyecto de ley para derogar la eliminaci\u00f3n de la Tarifa Social Federal de Gas, y restablecer el esquema de subsidios energ\u00e9ticos vigente hasta antes de las reformas impulsadas por el gobierno nacional. Seg\u00fan advirtieron los autores, la acci\u00f3n de la administraci\u00f3n &#8230;<\/p>\n","protected":false},"author":2,"featured_media":12696,"comment_status":"closed","ping_status":"closed","sticky":false,"template":"","format":"standard","meta":{"footnotes":""},"categories":[18],"tags":[29,581,3826,1657],"class_list":["post-12695","post","type-post","status-publish","format-standard","has-post-thumbnail","hentry","category-gas","tag-gas","tag-patagonia","tag-social","tag-tarifa"],"_links":{"self":[{"href":"https:\/\/www.energiaspatagonicas.com\/index.php?rest_route=\/wp\/v2\/posts\/12695","targetHints":{"allow":["GET"]}}],"collection":[{"href":"https:\/\/www.energiaspatagonicas.com\/index.php?rest_route=\/wp\/v2\/posts"}],"about":[{"href":"https:\/\/www.energiaspatagonicas.com\/index.php?rest_route=\/wp\/v2\/types\/post"}],"author":[{"embeddable":true,"href":"https:\/\/www.energiaspatagonicas.com\/index.php?rest_route=\/wp\/v2\/users\/2"}],"replies":[{"embeddable":true,"href":"https:\/\/www.energiaspatagonicas.com\/index.php?rest_route=%2Fwp%2Fv2%2Fcomments&post=12695"}],"version-history":[{"count":1,"href":"https:\/\/www.energiaspatagonicas.com\/index.php?rest_route=\/wp\/v2\/posts\/12695\/revisions"}],"predecessor-version":[{"id":12697,"href":"https:\/\/www.energiaspatagonicas.com\/index.php?rest_route=\/wp\/v2\/posts\/12695\/revisions\/12697"}],"wp:featuredmedia":[{"embeddable":true,"href":"https:\/\/www.energiaspatagonicas.com\/index.php?rest_route=\/wp\/v2\/media\/12696"}],"wp:attachment":[{"href":"https:\/\/www.energiaspatagonicas.com\/index.php?rest_route=%2Fwp%2Fv2%2Fmedia&parent=12695"}],"wp:term":[{"taxonomy":"category","embeddable":true,"href":"https:\/\/www.energiaspatagonicas.com\/index.php?rest_route=%2Fwp%2Fv2%2Fcategories&post=12695"},{"taxonomy":"post_tag","embeddable":true,"href":"https:\/\/www.energiaspatagonicas.com\/index.php?rest_route=%2Fwp%2Fv2%2Ftags&post=12695"}],"curies":[{"name":"wp","href":"https:\/\/api.w.org\/{rel}","templated":true}]}}