{"id":12699,"date":"2026-03-16T12:56:14","date_gmt":"2026-03-16T12:56:14","guid":{"rendered":"https:\/\/www.energiaspatagonicas.com\/?p=12699"},"modified":"2026-03-16T12:56:14","modified_gmt":"2026-03-16T12:56:14","slug":"glaciar-perito-moreno-paso-de-ser-uno-de-los-mas-estables-a-tener-un-retroceso-inedito","status":"publish","type":"post","link":"https:\/\/www.energiaspatagonicas.com\/?p=12699","title":{"rendered":"Glaciar Perito Moreno pas\u00f3 de ser uno de los m\u00e1s estables a tener un retroceso in\u00e9dito"},"content":{"rendered":"<p>Santa Cruz (EP), 16 de marzo \u201826. Las actividades humanas desarrolladas en los \u00faltimos 200 a\u00f1os provocaron un calentamiento global que super\u00f3 al producido en los 2000 a\u00f1os anteriores. B\u00e1sicamente a esto nos referimos cuando se habla de cambio clim\u00e1tico.<\/p>\n<p>Son las modificaciones a largo plazo de las temperaturas y los patrones clim\u00e1ticos, lo cual se puede generar por factores naturales, como variaciones en la actividad solar o erupciones volc\u00e1nicas grandes. Sin embargo, desde el siglo XIX la principal causa son las acciones del ser humano.<\/p>\n<p>La quema de combustibles f\u00f3siles, como carb\u00f3n, petr\u00f3leo y gas generan emisiones de gases de efecto invernadero que terminan formando una especie de manta que envuelve al planeta Tierra. Dentro de esta \u201cmanta\u201d queda atrapado el calor del sol y las temperaturas aumentan.<\/p>\n<p>Este calentamiento de la superficie terrestre produce, entre muchas otras consecuencias, que los bloques inmensos de hielo que se ubican en distintas partes de la Tierra se derritan. Un ejemplo grave es lo que sucedi\u00f3 con el glaciar Perito Moreno durante este verano.<\/p>\n<p>Seg\u00fan inform\u00f3 el portal Tiempo Sur, la intendencia del Parque Nacional Los Glaciares junto al Glaciarium (Centro de Interpretaci\u00f3n de Glaciares) realizaron un monitoreo mediante drones y comprobaron que el Perito Moreno perdi\u00f3 0,8 kil\u00f3metros cuadrados de superficie en solo 97 d\u00edas. Tambi\u00e9n observaron que el frente glaciar se alej\u00f3 hasta 420 metros de la Pen\u00ednsula Magallanes.<\/p>\n<p>El retroceso se detect\u00f3 en el sector del Canal de los T\u00e9mpanos y el Brazo Rico. El proyecto comenz\u00f3 a fines de mayo del 2025 y su objetivo fue relevar el estado del glaciar a trav\u00e9s de im\u00e1genes de gran resoluci\u00f3n obtenidas con drones.<\/p>\n<p>En este verano, se realizaron cuatro vuelos en distintas fechas: el 19 de noviembre de 2026, el 22 de enero, 4 de febrero y 24 de febrero de 2026.<\/p>\n<p>El medio OPI Santa Cruz indic\u00f3 que, en base al informe difundido por Glaciarium, \u201cse tomaron cientos de fotograf\u00edas a\u00e9reas verticales que permitieron construir mosaicos de alta precisi\u00f3n del sector terminal del glaciar. A partir de esa comparaci\u00f3n temporal se pudieron identificar los cambios ocurridos a lo largo del verano\u201d.<\/p>\n<p>Entre el primer vuelo y el segundo, donde hubo una diferencia de 64 d\u00edas, se detect\u00f3 una p\u00e9rdida de superficie de aproximadamente 0,36 kil\u00f3metros cuadrados del glaciar. El siguiente intervalo de 13 d\u00edas, entre el segundo y tercer vuelo, se registr\u00f3 una p\u00e9rdida adicional de 0,18 kil\u00f3metros cuadrados de hielo. Mientras que entre el tercer y el \u00faltimo vuelo se perdi\u00f3 una superficie de 0,26 kil\u00f3metros cuadrados del glaciar.<\/p>\n<p>El Perito Moreno se caracterizaba por tener una estabilidad relativa, pero este retroceso en tan solo 97 d\u00edas es \u201cin\u00e9dito\u201d, seg\u00fan definieron los responsables del estudio.<\/p>\n<p>Asimismo, el informe precisa que en las im\u00e1genes recolectadas se puede ver \u201cun marcado retroceso del frente del glaciar respecto de la costa de la Pen\u00ednsula de Magallanes. En los sucesivos relevamientos el frente se alej\u00f3 233 metros, luego 274 metros, despu\u00e9s 312 metros y finalmente 420 metros de la costa\u201d.<\/p>\n<p>El trabajo cient\u00edfico tambi\u00e9n compara estos resultados con otros de hace m\u00e1s de 100 a\u00f1os. \u201cHace 126 a\u00f1os, en marzo de 1900, el explorador alem\u00e1n Rudolf Hauthal midi\u00f3 el frente del glaciar a unos 650 metros de la pen\u00ednsula. En 1908, el cient\u00edfico sueco Anders Quensel lo encontr\u00f3 a 325 metros de la costa. Sin embargo, en las mediciones actuales el frente ya se ubica a 420 metros\u201d, puntualizaron.<\/p>\n<p>Estas pruebas irrefutables dan cuenta del da\u00f1o veloz y grave que el estilo de vida de la actualidad est\u00e1 haciendo a nuestro ambiente y sus recursos naturales. Las consecuencias todav\u00eda no pueden medirse con precisi\u00f3n, pero est\u00e1 claro que nos espera un futuro muy complicado.<\/p>\n<p>Gentileza https:\/\/www.laarena.com.ar\/<\/p>\n<p>Fotograf\u00eda kimkim<\/p>\n","protected":false},"excerpt":{"rendered":"<p>Santa Cruz (EP), 16 de marzo \u201826. Las actividades humanas desarrolladas en los \u00faltimos 200 a\u00f1os provocaron un calentamiento global que super\u00f3 al producido en los 2000 a\u00f1os anteriores. B\u00e1sicamente a esto nos referimos cuando se habla de cambio clim\u00e1tico. Son las modificaciones a largo plazo de las temperaturas y los patrones clim\u00e1ticos, lo cual &#8230;<\/p>\n","protected":false},"author":2,"featured_media":12700,"comment_status":"closed","ping_status":"closed","sticky":false,"template":"","format":"standard","meta":{"footnotes":""},"categories":[15],"tags":[255,58,1799,3082],"class_list":["post-12699","post","type-post","status-publish","format-standard","has-post-thumbnail","hentry","category-ambiente","tag-ambiente","tag-cambio-climatico","tag-glaciar-perito-moreno","tag-retroceso"],"_links":{"self":[{"href":"https:\/\/www.energiaspatagonicas.com\/index.php?rest_route=\/wp\/v2\/posts\/12699","targetHints":{"allow":["GET"]}}],"collection":[{"href":"https:\/\/www.energiaspatagonicas.com\/index.php?rest_route=\/wp\/v2\/posts"}],"about":[{"href":"https:\/\/www.energiaspatagonicas.com\/index.php?rest_route=\/wp\/v2\/types\/post"}],"author":[{"embeddable":true,"href":"https:\/\/www.energiaspatagonicas.com\/index.php?rest_route=\/wp\/v2\/users\/2"}],"replies":[{"embeddable":true,"href":"https:\/\/www.energiaspatagonicas.com\/index.php?rest_route=%2Fwp%2Fv2%2Fcomments&post=12699"}],"version-history":[{"count":1,"href":"https:\/\/www.energiaspatagonicas.com\/index.php?rest_route=\/wp\/v2\/posts\/12699\/revisions"}],"predecessor-version":[{"id":12701,"href":"https:\/\/www.energiaspatagonicas.com\/index.php?rest_route=\/wp\/v2\/posts\/12699\/revisions\/12701"}],"wp:featuredmedia":[{"embeddable":true,"href":"https:\/\/www.energiaspatagonicas.com\/index.php?rest_route=\/wp\/v2\/media\/12700"}],"wp:attachment":[{"href":"https:\/\/www.energiaspatagonicas.com\/index.php?rest_route=%2Fwp%2Fv2%2Fmedia&parent=12699"}],"wp:term":[{"taxonomy":"category","embeddable":true,"href":"https:\/\/www.energiaspatagonicas.com\/index.php?rest_route=%2Fwp%2Fv2%2Fcategories&post=12699"},{"taxonomy":"post_tag","embeddable":true,"href":"https:\/\/www.energiaspatagonicas.com\/index.php?rest_route=%2Fwp%2Fv2%2Ftags&post=12699"}],"curies":[{"name":"wp","href":"https:\/\/api.w.org\/{rel}","templated":true}]}}