{"id":12715,"date":"2026-03-17T12:28:21","date_gmt":"2026-03-17T12:28:21","guid":{"rendered":"https:\/\/www.energiaspatagonicas.com\/?p=12715"},"modified":"2026-03-17T12:28:21","modified_gmt":"2026-03-17T12:28:21","slug":"con-una-inversion-de-2-500-millones-licitan-la-construccion-del-parque-solar-aguas-lujan","status":"publish","type":"post","link":"https:\/\/www.energiaspatagonicas.com\/?p=12715","title":{"rendered":"Con una inversi\u00f3n de $2.500 millones licitan la construcci\u00f3n del Parque Solar Aguas Luj\u00e1n"},"content":{"rendered":"<p>Mendoza (EP), 17 de marzo \u201826. El financiamiento proviene de los Fondos del Resarcimiento de la Promoci\u00f3n Industrial. La apertura de sobres ser\u00e1 el jueves 26 de marzo.<\/p>\n<p>En el marco de una pol\u00edtica de transici\u00f3n energ\u00e9tica y optimizaci\u00f3n de recursos, el Gobierno de Mendoza, junto al Municipio de Luj\u00e1n de Cuyo, abren el llamado a licitaci\u00f3n para la ejecuci\u00f3n de la primera etapa del Parque Solar Aguas Luj\u00e1n.<\/p>\n<p>El acto administrativo de apertura de sobres ser\u00e1 el jueves 26 de marzo, a las 10, en la Direcci\u00f3n de Compras y Contrataciones, ubicada en calle Boedo 505, oficina 33, de Carrodilla, Luj\u00e1n.<\/p>\n<p>El proyecto ser\u00e1 financiado \u00edntegramente por la Provincia con los Fondos del Resarcimiento, orientados a impulsar obras que generen un impacto econ\u00f3mico real y de largo plazo.<\/p>\n<p>Financiamiento estrat\u00e9gico para el desarrollo local<\/p>\n<p>La construcci\u00f3n de este parque fotovoltaico no solo representa un avance en materia de sustentabilidad, sino que constituye una herramienta de eficiencia fiscal. Se estima que la generaci\u00f3n de energ\u00eda propia permitir\u00e1 un ahorro de 260 millones de pesos anuales para las arcas municipales.<\/p>\n<p>Actualmente, el sistema de Aguas Luj\u00e1n depende en un 40% de energ\u00eda el\u00e9ctrica para la extracci\u00f3n de agua subterr\u00e1nea. Al cubrir gran parte de esta demanda con energ\u00eda solar, el Municipio podr\u00e1 liberar recursos que ser\u00e1n reinvertidos directamente en obras h\u00eddricas y sanitarias para los vecinos.<\/p>\n<p>La infraestructura estar\u00e1 ubicada en el distrito industrial del departamento, en el \u00e1rea proyectada para el futuro Polo Log\u00edstico de Mendoza, con una superficie de 3,65 hect\u00e1reas. Su objetivo principal es abastecer la demanda energ\u00e9tica del sistema de extracci\u00f3n de agua potable, reduciendo el gasto estructural y permitiendo que esos recursos provinciales se traduzcan en mejores servicios para la comunidad.<\/p>\n<p>Innovaci\u00f3n tecnol\u00f3gica y soberan\u00eda energ\u00e9tica<\/p>\n<p>Esta planta fotovoltaica operar\u00e1 bajo la modalidad de Punto de Solo Inyecci\u00f3n (PSI) y entregar\u00e1 energ\u00eda limpia directamente a la red de distribuci\u00f3n.<\/p>\n<p>La ficha t\u00e9cnica del proyecto indica que la potencia nominal ser\u00e1 de 0n m\u00ednimo de 1,5 MW. En tanto, la tecnolog\u00eda de vanguardia estar\u00e1 dada por el uso de paneles bifaciales de silicio monocristalino, que maximizan la captaci\u00f3n solar, montados sobre estructuras de alta resistencia.<\/p>\n<p>Eficiencia del Estado y sostenibilidad<\/p>\n<p>Este llamado a licitaci\u00f3n reafirma la visi\u00f3n de la Provincia de Mendoza de transformar los recursos del resarcimiento en infraestructura que disminuya la huella de carbono y, fundamentalmente, que otorgue previsibilidad econ\u00f3mica al sector p\u00fablico.<\/p>\n<p>Al cubrir el 40 % de la energ\u00eda necesaria para la extracci\u00f3n de agua subterr\u00e1nea a trav\u00e9s de fuentes renovables, el Estado no solo apuesta por un \u00abmodelo verde\u00bb, sino por una gesti\u00f3n eficiente que libera fondos para futuras obras h\u00eddricas y sanitarias.<\/p>\n<p>Gentileza https:\/\/entornoeconomico.com.ar<\/p>\n<p>Fotograf\u00eda El Peri\u00f3dico de la Energ\u00eda<\/p>\n","protected":false},"excerpt":{"rendered":"<p>Mendoza (EP), 17 de marzo \u201826. El financiamiento proviene de los Fondos del Resarcimiento de la Promoci\u00f3n Industrial. La apertura de sobres ser\u00e1 el jueves 26 de marzo. En el marco de una pol\u00edtica de transici\u00f3n energ\u00e9tica y optimizaci\u00f3n de recursos, el Gobierno de Mendoza, junto al Municipio de Luj\u00e1n de Cuyo, abren el llamado &#8230;<\/p>\n","protected":false},"author":2,"featured_media":12716,"comment_status":"closed","ping_status":"closed","sticky":false,"template":"","format":"standard","meta":{"footnotes":""},"categories":[13],"tags":[59,45,61,3831,100,99],"class_list":["post-12715","post","type-post","status-publish","format-standard","has-post-thumbnail","hentry","category-energia","tag-energia","tag-inversion","tag-mendoza","tag-parque-solar-aguas-lujan","tag-renovables","tag-solar"],"_links":{"self":[{"href":"https:\/\/www.energiaspatagonicas.com\/index.php?rest_route=\/wp\/v2\/posts\/12715","targetHints":{"allow":["GET"]}}],"collection":[{"href":"https:\/\/www.energiaspatagonicas.com\/index.php?rest_route=\/wp\/v2\/posts"}],"about":[{"href":"https:\/\/www.energiaspatagonicas.com\/index.php?rest_route=\/wp\/v2\/types\/post"}],"author":[{"embeddable":true,"href":"https:\/\/www.energiaspatagonicas.com\/index.php?rest_route=\/wp\/v2\/users\/2"}],"replies":[{"embeddable":true,"href":"https:\/\/www.energiaspatagonicas.com\/index.php?rest_route=%2Fwp%2Fv2%2Fcomments&post=12715"}],"version-history":[{"count":1,"href":"https:\/\/www.energiaspatagonicas.com\/index.php?rest_route=\/wp\/v2\/posts\/12715\/revisions"}],"predecessor-version":[{"id":12717,"href":"https:\/\/www.energiaspatagonicas.com\/index.php?rest_route=\/wp\/v2\/posts\/12715\/revisions\/12717"}],"wp:featuredmedia":[{"embeddable":true,"href":"https:\/\/www.energiaspatagonicas.com\/index.php?rest_route=\/wp\/v2\/media\/12716"}],"wp:attachment":[{"href":"https:\/\/www.energiaspatagonicas.com\/index.php?rest_route=%2Fwp%2Fv2%2Fmedia&parent=12715"}],"wp:term":[{"taxonomy":"category","embeddable":true,"href":"https:\/\/www.energiaspatagonicas.com\/index.php?rest_route=%2Fwp%2Fv2%2Fcategories&post=12715"},{"taxonomy":"post_tag","embeddable":true,"href":"https:\/\/www.energiaspatagonicas.com\/index.php?rest_route=%2Fwp%2Fv2%2Ftags&post=12715"}],"curies":[{"name":"wp","href":"https:\/\/api.w.org\/{rel}","templated":true}]}}