{"id":13147,"date":"2026-04-27T18:32:08","date_gmt":"2026-04-27T18:32:08","guid":{"rendered":"https:\/\/www.energiaspatagonicas.com\/?p=13147"},"modified":"2026-04-27T18:32:08","modified_gmt":"2026-04-27T18:32:08","slug":"torres-del-paine-curso-internacional-sobre-conservacion-y-restauracion-en-areas-protegidas","status":"publish","type":"post","link":"https:\/\/www.energiaspatagonicas.com\/?p=13147","title":{"rendered":"Torres del Paine: Curso internacional sobre conservaci\u00f3n y restauraci\u00f3n en \u00e1reas protegidas"},"content":{"rendered":"<p>Punta Arenas Chile (EP), 27 de abril \u201826. La instancia convoc\u00f3 a participantes de Chile, Argentina y Per\u00fa, integrando formaci\u00f3n te\u00f3rica y pr\u00e1ctica en uno de los territorios m\u00e1s emblem\u00e1ticos de la Patagonia.<\/p>\n<p>Con la participaci\u00f3n de profesionales de distintos pa\u00edses y guardaparques del Parque Nacional Torres del Paine, finaliz\u00f3 el curso internacional \u201cConservaci\u00f3n y Restauraci\u00f3n en \u00c1reas Protegidas\u201d. La actividad reuni\u00f3 a especialistas de Chile, Argentina y Per\u00fa, junto a representantes de la Reserva de Conservaci\u00f3n Explora, en una instancia enfocada en la gesti\u00f3n de ecosistemas y fauna silvestre.<\/p>\n<p>El programa, considerado \u00fanico en Sudam\u00e9rica, permiti\u00f3 combinar conocimientos te\u00f3ricos y trabajo en terreno, abordando tem\u00e1ticas vinculadas a la conservaci\u00f3n forestal, restauraci\u00f3n ecol\u00f3gica y monitoreo de biodiversidad. Durante las jornadas, los participantes recorrieron diversos sectores del parque y analizaron tanto \u00e1reas en buen estado como zonas afectadas por incendios forestales.<\/p>\n<p>Entre los contenidos desarrollados, destac\u00f3 la restauraci\u00f3n de bosques mediante reforestaci\u00f3n con lenga, junto con enfoques sobre manejo del paisaje, gesti\u00f3n tur\u00edstica y seguimiento de fauna en la estepa patag\u00f3nica. Estas experiencias permitieron profundizar en estrategias aplicadas directamente en el territorio.<\/p>\n<p>La iniciativa cont\u00f3 con el patrocinio de la Universidad de Chile, el Instituto Forestal, la Universidad de Magallanes y CONAF, adem\u00e1s del respaldo de organizaciones especializadas en restauraci\u00f3n ecol\u00f3gica y conservaci\u00f3n. Asimismo, diversas entidades colaboraron en la ejecuci\u00f3n log\u00edstica del curso.<\/p>\n<p>Tras la evaluaci\u00f3n positiva de esta edici\u00f3n, la organizaci\u00f3n confirm\u00f3 nuevas versiones del programa, con una pr\u00f3xima convocatoria en Huinay durante septiembre de 2026 y una segunda edici\u00f3n en Torres del Paine prevista para abril de 2027.<\/p>\n<p>&nbsp;<\/p>\n<p>&nbsp;<\/p>\n","protected":false},"excerpt":{"rendered":"<p>Punta Arenas Chile (EP), 27 de abril \u201826. La instancia convoc\u00f3 a participantes de Chile, Argentina y Per\u00fa, integrando formaci\u00f3n te\u00f3rica y pr\u00e1ctica en uno de los territorios m\u00e1s emblem\u00e1ticos de la Patagonia. Con la participaci\u00f3n de profesionales de distintos pa\u00edses y guardaparques del Parque Nacional Torres del Paine, finaliz\u00f3 el curso internacional \u201cConservaci\u00f3n y &#8230;<\/p>\n","protected":false},"author":2,"featured_media":13148,"comment_status":"closed","ping_status":"closed","sticky":false,"template":"","format":"standard","meta":{"footnotes":""},"categories":[15],"tags":[1086,116,1377,389,1892,1322],"class_list":["post-13147","post","type-post","status-publish","format-standard","has-post-thumbnail","hentry","category-ambiente","tag-areas-protegidas","tag-chile","tag-conservacion","tag-curso","tag-restauracion","tag-torres-del-paine"],"_links":{"self":[{"href":"https:\/\/www.energiaspatagonicas.com\/index.php?rest_route=\/wp\/v2\/posts\/13147","targetHints":{"allow":["GET"]}}],"collection":[{"href":"https:\/\/www.energiaspatagonicas.com\/index.php?rest_route=\/wp\/v2\/posts"}],"about":[{"href":"https:\/\/www.energiaspatagonicas.com\/index.php?rest_route=\/wp\/v2\/types\/post"}],"author":[{"embeddable":true,"href":"https:\/\/www.energiaspatagonicas.com\/index.php?rest_route=\/wp\/v2\/users\/2"}],"replies":[{"embeddable":true,"href":"https:\/\/www.energiaspatagonicas.com\/index.php?rest_route=%2Fwp%2Fv2%2Fcomments&post=13147"}],"version-history":[{"count":1,"href":"https:\/\/www.energiaspatagonicas.com\/index.php?rest_route=\/wp\/v2\/posts\/13147\/revisions"}],"predecessor-version":[{"id":13149,"href":"https:\/\/www.energiaspatagonicas.com\/index.php?rest_route=\/wp\/v2\/posts\/13147\/revisions\/13149"}],"wp:featuredmedia":[{"embeddable":true,"href":"https:\/\/www.energiaspatagonicas.com\/index.php?rest_route=\/wp\/v2\/media\/13148"}],"wp:attachment":[{"href":"https:\/\/www.energiaspatagonicas.com\/index.php?rest_route=%2Fwp%2Fv2%2Fmedia&parent=13147"}],"wp:term":[{"taxonomy":"category","embeddable":true,"href":"https:\/\/www.energiaspatagonicas.com\/index.php?rest_route=%2Fwp%2Fv2%2Fcategories&post=13147"},{"taxonomy":"post_tag","embeddable":true,"href":"https:\/\/www.energiaspatagonicas.com\/index.php?rest_route=%2Fwp%2Fv2%2Ftags&post=13147"}],"curies":[{"name":"wp","href":"https:\/\/api.w.org\/{rel}","templated":true}]}}