{"id":13158,"date":"2026-04-28T14:32:05","date_gmt":"2026-04-28T14:32:05","guid":{"rendered":"https:\/\/www.energiaspatagonicas.com\/?p=13158"},"modified":"2026-04-28T14:32:05","modified_gmt":"2026-04-28T14:32:05","slug":"segun-informe-del-observatorio-de-industriales-pymes-se-perdieron-casi-80-mil-puestos-de-trabajo","status":"publish","type":"post","link":"https:\/\/www.energiaspatagonicas.com\/?p=13158","title":{"rendered":"Seg\u00fan informe del Observatorio de Industriales Pymes, se perdieron casi 80 mil puestos de trabajo"},"content":{"rendered":"<p>Buenos Aires (EP), 28 de abril \u201826. La cifra fue dada luego de un informe del Observatorio de Industriales Pymes Argentinos (IPA).<\/p>\n<p>La industria argentina perdi\u00f3 79.672 puestos de trabajo registrados desde la asunci\u00f3n del presidente, Javier Milei en diciembre de 2023, seg\u00fan estimaciones privadas.<\/p>\n<p>Esta cifra sit\u00faa a la industria como el principal foco de destrucci\u00f3n de empleo en el pa\u00eds durante los \u00faltimos meses, superando el impacto en otros sectores productivos, interpretaron desde Industriales Argentinos (IPA).<\/p>\n<p>A inicios de 2026, la tendencia de despidos se aceler\u00f3 significativamente. De un total de 7.593 empleos registrados perdidos en toda la econom\u00eda frente a diciembre de 2025, 7.336 corresponden exclusivamente al sector fabril.<\/p>\n<p>Estos datos indican que la industria explica el 97% de las bajas laborales mensuales en el sector formal de la econom\u00eda argentina.<\/p>\n<p>Los datos surgen del \u00faltimo informe del Observatorio de Industriales Pymes Argentinos (IPA), que proces\u00f3 Agencia Noticias Argentinas.<\/p>\n<p>El reporte se\u00f1ala que esta din\u00e1mica responde a un proceso de primarizaci\u00f3n de la econom\u00eda nacional que deja a una gran parte de los trabajadores sin el amparo del empleo registrado.<\/p>\n<p>Daniel Rosato, presidente de IPA, afirm\u00f3 que \u00abla Argentina reconvirti\u00f3 el modelo de pa\u00eds de empleo y desarrollo en uno extractivista y primario\u00bb.<\/p>\n<p>Seg\u00fan el dirigente, este esquema garantiza estabilidad macroecon\u00f3mica para pocos sectores, pero provoca que \u00abmiles de f\u00e1bricas, comercios y servicios que estaban enlazados de manera directa e indirecta, y que generaban riquezas y las multiplicaban con empleo, ahora est\u00e9n en procesos de cierres definitivos\u00bb.<\/p>\n<p>La p\u00e9rdida de puestos de trabajo est\u00e1 vinculada directamente con la desaparici\u00f3n de unidades productivas. Desde diciembre de 2023, el sector manufacturero acumula el cierre de 2.993 empresas que bajaron sus persianas de forma definitiva.<\/p>\n<p>Actualmente, se contabilizan 46.728 firmas fabriles activas, lo que representa una ca\u00edda de 1.812 establecimientos respecto al mismo mes del a\u00f1o anterior.<\/p>\n<p>El informe t\u00e9cnico detalla que la actividad industrial registr\u00f3 en febrero una ca\u00edda del 8,7% interanual y del 4% respecto al mes anterior. Con este resultado, el sector acumula ocho meses consecutivos de contracci\u00f3n.<\/p>\n<p>Este retroceso se produce en un mercado interno donde el consumo baj\u00f3 un 3,1% interanual, obligando al 60% de los consumidores a endeudarse para cubrir compras b\u00e1sicas en supermercados.<\/p>\n<p>El Observatorio IPA advierte sobre un \u00abefecto pinza\u00bb que quita competitividad a las f\u00e1bricas locales. Seg\u00fan el estudio, \u00ablos costos en pesos suben r\u00e1pido mientras que el tipo de cambio casi no se mueve\u00bb, lo que incrementa los precios en d\u00f3lares de la producci\u00f3n nacional.<\/p>\n<p>Esta situaci\u00f3n se agrava por la competencia de productos importados que presionan sobre las empresas instaladas en el pa\u00eds.<\/p>\n<p>Rosato concluy\u00f3 que la industria es la \u00faltima en reducir personal debido a la inversi\u00f3n en formaci\u00f3n, pero advirti\u00f3 que \u00abeste a\u00f1o ya estamos en la etapa final\u00bb de resistencia. Sostuvo que \u00absin f\u00e1bricas no solo se profundiza la crisis, sino que se convierte en permanente\u00bb, reclamando pol\u00edticas que fomenten la producci\u00f3n local.<\/p>\n<p>Gentileza https:\/\/www.eldiariodelapampa.com.ar\/<\/p>\n<p>Fotograf\u00eda Diario Hoy<\/p>\n","protected":false},"excerpt":{"rendered":"<p>Buenos Aires (EP), 28 de abril \u201826. La cifra fue dada luego de un informe del Observatorio de Industriales Pymes Argentinos (IPA). La industria argentina perdi\u00f3 79.672 puestos de trabajo registrados desde la asunci\u00f3n del presidente, Javier Milei en diciembre de 2023, seg\u00fan estimaciones privadas. Esta cifra sit\u00faa a la industria como el principal foco &#8230;<\/p>\n","protected":false},"author":2,"featured_media":13159,"comment_status":"closed","ping_status":"closed","sticky":false,"template":"","format":"standard","meta":{"footnotes":""},"categories":[12],"tags":[1332,76,72,3930,302,3755,400],"class_list":["post-13158","post","type-post","status-publish","format-standard","has-post-thumbnail","hentry","category-empresas","tag-crisis","tag-demanda","tag-industria","tag-observatorio-de-industriales-pymes","tag-perdida","tag-puestos-de-trabajo","tag-pymes"],"_links":{"self":[{"href":"https:\/\/www.energiaspatagonicas.com\/index.php?rest_route=\/wp\/v2\/posts\/13158","targetHints":{"allow":["GET"]}}],"collection":[{"href":"https:\/\/www.energiaspatagonicas.com\/index.php?rest_route=\/wp\/v2\/posts"}],"about":[{"href":"https:\/\/www.energiaspatagonicas.com\/index.php?rest_route=\/wp\/v2\/types\/post"}],"author":[{"embeddable":true,"href":"https:\/\/www.energiaspatagonicas.com\/index.php?rest_route=\/wp\/v2\/users\/2"}],"replies":[{"embeddable":true,"href":"https:\/\/www.energiaspatagonicas.com\/index.php?rest_route=%2Fwp%2Fv2%2Fcomments&post=13158"}],"version-history":[{"count":1,"href":"https:\/\/www.energiaspatagonicas.com\/index.php?rest_route=\/wp\/v2\/posts\/13158\/revisions"}],"predecessor-version":[{"id":13160,"href":"https:\/\/www.energiaspatagonicas.com\/index.php?rest_route=\/wp\/v2\/posts\/13158\/revisions\/13160"}],"wp:featuredmedia":[{"embeddable":true,"href":"https:\/\/www.energiaspatagonicas.com\/index.php?rest_route=\/wp\/v2\/media\/13159"}],"wp:attachment":[{"href":"https:\/\/www.energiaspatagonicas.com\/index.php?rest_route=%2Fwp%2Fv2%2Fmedia&parent=13158"}],"wp:term":[{"taxonomy":"category","embeddable":true,"href":"https:\/\/www.energiaspatagonicas.com\/index.php?rest_route=%2Fwp%2Fv2%2Fcategories&post=13158"},{"taxonomy":"post_tag","embeddable":true,"href":"https:\/\/www.energiaspatagonicas.com\/index.php?rest_route=%2Fwp%2Fv2%2Ftags&post=13158"}],"curies":[{"name":"wp","href":"https:\/\/api.w.org\/{rel}","templated":true}]}}