{"id":13164,"date":"2026-04-28T14:47:00","date_gmt":"2026-04-28T14:47:00","guid":{"rendered":"https:\/\/www.energiaspatagonicas.com\/?p=13164"},"modified":"2026-04-28T14:47:00","modified_gmt":"2026-04-28T14:47:00","slug":"la-justicia-ordeno-suspender-la-reforma-de-glaciares-en-santa-cruz","status":"publish","type":"post","link":"https:\/\/www.energiaspatagonicas.com\/?p=13164","title":{"rendered":"La Justicia orden\u00f3 suspender la reforma de glaciares en Santa Cruz"},"content":{"rendered":"<p>Santa Cruz (EP), 28 de abril \u201826. El juez federal de R\u00edo Gallegos, Claudio Marcelo V\u00e1zquez, dict\u00f3 una medida cautelar que paraliza los efectos de la modificaci\u00f3n nacional de la norma y orden\u00f3 al Estado abstenerse de habilitar acciones que puedan afectar glaciares o ambientes periglaciales hasta que exista una sentencia definitiva<\/p>\n<p>La reforma nacional de la Ley de Glaciares sum\u00f3 en Santa Cruz su primer gran freno judicial. El Juzgado Federal de R\u00edo Gallegos resolvi\u00f3 suspender de manera cautelar la aplicaci\u00f3n de los cambios introducidos recientemente por el Congreso y orden\u00f3 al Estado Nacional no autorizar ni ejecutar actividades que puedan poner en riesgo glaciares o zonas periglaciales dentro del territorio provincial.<\/p>\n<p>La decisi\u00f3n fue firmada por el juez federal Claudio Marcelo V\u00e1zquez en el marco de una acci\u00f3n de amparo ambiental y representa un rev\u00e9s de peso para la reforma impulsada a nivel nacional, que hab\u00eda generado fuerte debate por su posible impacto sobre la actividad minera y otros desarrollos productivos en \u00e1reas consideradas sensibles.<\/p>\n<p>En su resoluci\u00f3n, el magistrado sostuvo que existe \u201cpeligro en la demora\u201d, ya que la aplicaci\u00f3n inmediata de la nueva normativa podr\u00eda permitir intervenciones con consecuencias irreversibles sobre reservas estrat\u00e9gicas de agua dulce. Bajo ese criterio, consider\u00f3 necesario preservar la vigencia plena del esquema de protecci\u00f3n anterior hasta que se resuelva el fondo de la cuesti\u00f3n.<\/p>\n<p>El fallo remarca que los glaciares cumplen una funci\u00f3n esencial en t\u00e9rminos ambientales e h\u00eddricos y que su resguardo responde a principios constitucionales como el precautorio y el de no regresi\u00f3n ambiental, contemplados en el art\u00edculo 41 de la Constituci\u00f3n Nacional.<\/p>\n<p>La reforma cuestionada hab\u00eda sido sancionada hace menos de dos semanas y propon\u00eda una redefinici\u00f3n del concepto de \u201cambiente periglacial\u201d, habilitando mayores posibilidades de desarrollo econ\u00f3mico en sectores antes alcanzados por restricciones m\u00e1s severas. Desde el Gobierno nacional se defend\u00eda la medida como una herramienta para compatibilizar inversi\u00f3n y control ambiental mediante estudios de impacto previos.<\/p>\n<p>Sin embargo, distintos sectores ambientalistas y parte del arco pol\u00edtico advirtieron que el cambio pod\u00eda debilitar la protecci\u00f3n sobre ecosistemas clave, especialmente en provincias cordilleranas y patag\u00f3nicas donde la discusi\u00f3n sobre miner\u00eda y uso del agua tiene alta sensibilidad p\u00fablica.<\/p>\n<p>La resoluci\u00f3n judicial lleg\u00f3 adem\u00e1s en paralelo con una decisi\u00f3n pol\u00edtica de la Legislatura santacruce\u00f1a. Apenas un d\u00eda antes, la C\u00e1mara de Diputados provincial aprob\u00f3 por unanimidad una modificaci\u00f3n a la Ley 3.123, conocida como \u201cblindaje ambiental\u201d, que refuerza la protecci\u00f3n de glaciares y recursos naturales estrat\u00e9gicos. La iniciativa fue impulsada por el diputado Carlos Alegr\u00eda.<\/p>\n<p>Con este escenario, Santa Cruz se convierte en el primer distrito donde la reforma nacional queda judicialmente limitada, abriendo un nuevo cap\u00edtulo en la disputa entre desarrollo productivo y preservaci\u00f3n ambiental. Mientras Naci\u00f3n analiza los pasos a seguir, el antecedente podr\u00eda replicarse en otras provincias con conflictos similares.<\/p>\n<p>Por ahora, la protecci\u00f3n integral establecida por la ley original de 2010 vuelve a regir plenamente en la provincia, al menos hasta que la Justicia defina de manera definitiva el futuro de la reforma.<\/p>\n<p>Gentileza https:\/\/www.lateclapatagonia.com.ar\/<\/p>\n<p>Fotograf\u00eda es.ara.cat<\/p>\n","protected":false},"excerpt":{"rendered":"<p>Santa Cruz (EP), 28 de abril \u201826. El juez federal de R\u00edo Gallegos, Claudio Marcelo V\u00e1zquez, dict\u00f3 una medida cautelar que paraliza los efectos de la modificaci\u00f3n nacional de la norma y orden\u00f3 al Estado abstenerse de habilitar acciones que puedan afectar glaciares o ambientes periglaciales hasta que exista una sentencia definitiva La reforma nacional &#8230;<\/p>\n","protected":false},"author":2,"featured_media":13165,"comment_status":"closed","ping_status":"closed","sticky":false,"template":"","format":"standard","meta":{"footnotes":""},"categories":[15],"tags":[255,3332,1194,97,1282,71],"class_list":["post-13164","post","type-post","status-publish","format-standard","has-post-thumbnail","hentry","category-ambiente","tag-ambiente","tag-glaciares","tag-justicia","tag-ley","tag-periglaciar","tag-santa-cruz"],"_links":{"self":[{"href":"https:\/\/www.energiaspatagonicas.com\/index.php?rest_route=\/wp\/v2\/posts\/13164","targetHints":{"allow":["GET"]}}],"collection":[{"href":"https:\/\/www.energiaspatagonicas.com\/index.php?rest_route=\/wp\/v2\/posts"}],"about":[{"href":"https:\/\/www.energiaspatagonicas.com\/index.php?rest_route=\/wp\/v2\/types\/post"}],"author":[{"embeddable":true,"href":"https:\/\/www.energiaspatagonicas.com\/index.php?rest_route=\/wp\/v2\/users\/2"}],"replies":[{"embeddable":true,"href":"https:\/\/www.energiaspatagonicas.com\/index.php?rest_route=%2Fwp%2Fv2%2Fcomments&post=13164"}],"version-history":[{"count":1,"href":"https:\/\/www.energiaspatagonicas.com\/index.php?rest_route=\/wp\/v2\/posts\/13164\/revisions"}],"predecessor-version":[{"id":13166,"href":"https:\/\/www.energiaspatagonicas.com\/index.php?rest_route=\/wp\/v2\/posts\/13164\/revisions\/13166"}],"wp:featuredmedia":[{"embeddable":true,"href":"https:\/\/www.energiaspatagonicas.com\/index.php?rest_route=\/wp\/v2\/media\/13165"}],"wp:attachment":[{"href":"https:\/\/www.energiaspatagonicas.com\/index.php?rest_route=%2Fwp%2Fv2%2Fmedia&parent=13164"}],"wp:term":[{"taxonomy":"category","embeddable":true,"href":"https:\/\/www.energiaspatagonicas.com\/index.php?rest_route=%2Fwp%2Fv2%2Fcategories&post=13164"},{"taxonomy":"post_tag","embeddable":true,"href":"https:\/\/www.energiaspatagonicas.com\/index.php?rest_route=%2Fwp%2Fv2%2Ftags&post=13164"}],"curies":[{"name":"wp","href":"https:\/\/api.w.org\/{rel}","templated":true}]}}