{"id":13187,"date":"2026-05-01T09:00:29","date_gmt":"2026-05-01T09:00:29","guid":{"rendered":"https:\/\/www.energiaspatagonicas.com\/?p=13187"},"modified":"2026-04-30T14:42:44","modified_gmt":"2026-04-30T14:42:44","slug":"restaurar-despues-del-fuego-convocan-a-voluntarios-para-una-accion-colectiva-en-la-comarca-andina","status":"publish","type":"post","link":"https:\/\/www.energiaspatagonicas.com\/?p=13187","title":{"rendered":"Restaurar despu\u00e9s del fuego: convocan a voluntarios para una acci\u00f3n colectiva en la Comarca Andina"},"content":{"rendered":"<p>Neuqu\u00e9n (EP), 1 de mayo \u201826. La organizaci\u00f3n Circuito Verde convoca a una nueva jornada junto al INTA para avanzar en la recuperaci\u00f3n del bosque nativo en la Reserva Forestal Loma del Medio &#8211; R\u00edo Azul.<\/p>\n<p>El s\u00e1bado 9 de mayo se llevar\u00e1 a cabo una jornada de restauraci\u00f3n que contempla la plantaci\u00f3n de 2000 ejemplares de especies nativas como coihues, cipreses y otras especies nativas. Se trata de la cuarta intervenci\u00f3n que se lleva adelante en la Reserva Forestal Loma del Medio &#8211; R\u00edo Azul, tras los incendios de interfase que, entre 2023 y 2025, afectaron la reserva. \u201cDesde Circuito Verde, nuestro objetivo, adem\u00e1s de restaurar el bosque, es restaurar nuestro v\u00ednculo con la naturaleza\u201d, expresaron.<\/p>\n<p>La propuesta tiene adem\u00e1s un fuerte componente educativo y comunitario. \u201cNuestras bases son a trav\u00e9s de la educaci\u00f3n ambiental. Entonces, siempre intentamos que nuestras jornadas de acci\u00f3n -por ejemplo, esta que es de restauraci\u00f3n- sean tambi\u00e9n una herramienta de educaci\u00f3n ambiental para las personas que vienen\u201d, se\u00f1al\u00f3 Victoria Bergter, licenciada en Planificaci\u00f3n y Dise\u00f1o del Paisaje de la Universidad de Buenos Aires, que coordina el programa junto a la bi\u00f3loga Agustina Iglesias Louis.<\/p>\n<p>La convocatoria est\u00e1 dirigida a voluntarios mayores de 18 a\u00f1os de la Comarca Andina y de Bariloche, desde donde se dispondr\u00e1 un micro para el traslado. Los cupos son limitados y requieren inscripci\u00f3n previa a trav\u00e9s de un formulario online https:\/\/forms.gle\/owo4oNcrtszgZSZD9 , disponible hasta este martes 28 de abril, a las 18 horas, una vez finalizada la inscripci\u00f3n, se van a conformar los grupos.<\/p>\n<p>\u201cTenemos un cupo m\u00e1ximo de personas, un poco dado por intentar tener el menor impacto posible y tambi\u00e9n por la capacidad de los voluntarios de acompa\u00f1ar a esas personas en el bosque\u201d, explic\u00f3. Aunque puntualiz\u00f3 que se prioriza la participaci\u00f3n de personas que no hayan participado de la actividad. \u201cNos parece importante poder hacer esa conexi\u00f3n en ese momento como tan m\u00e1gico\u201d, cont\u00f3.<\/p>\n<p>Para poder participar, solamente es necesario tener cierta experiencia en monta\u00f1a y llevar ropa adecuada, para una larga jornada de trabajo al aire libre y de esfuerzo f\u00edsico. \u201cVamos a estar todo el d\u00eda afuera, vamos a caminar con una mochila pesada, con plantines, con la vianda, con la pala, en un d\u00eda de oto\u00f1o, que seguramente sea fr\u00edo\u201d, indic\u00f3.<\/p>\n<p>Gentileza https:\/\/www.elcordillerano.com.ar\/<\/p>\n<p>&nbsp;<\/p>\n","protected":false},"excerpt":{"rendered":"<p>Neuqu\u00e9n (EP), 1 de mayo \u201826. La organizaci\u00f3n Circuito Verde convoca a una nueva jornada junto al INTA para avanzar en la recuperaci\u00f3n del bosque nativo en la Reserva Forestal Loma del Medio &#8211; R\u00edo Azul. El s\u00e1bado 9 de mayo se llevar\u00e1 a cabo una jornada de restauraci\u00f3n que contempla la plantaci\u00f3n de 2000 &#8230;<\/p>\n","protected":false},"author":2,"featured_media":13188,"comment_status":"closed","ping_status":"closed","sticky":false,"template":"","format":"standard","meta":{"footnotes":""},"categories":[15],"tags":[1390,55,3935,628,627],"class_list":["post-13187","post","type-post","status-publish","format-standard","has-post-thumbnail","hentry","category-ambiente","tag-bariloche","tag-chubut","tag-comarca-andina","tag-incendios","tag-reforestacion"],"_links":{"self":[{"href":"https:\/\/www.energiaspatagonicas.com\/index.php?rest_route=\/wp\/v2\/posts\/13187","targetHints":{"allow":["GET"]}}],"collection":[{"href":"https:\/\/www.energiaspatagonicas.com\/index.php?rest_route=\/wp\/v2\/posts"}],"about":[{"href":"https:\/\/www.energiaspatagonicas.com\/index.php?rest_route=\/wp\/v2\/types\/post"}],"author":[{"embeddable":true,"href":"https:\/\/www.energiaspatagonicas.com\/index.php?rest_route=\/wp\/v2\/users\/2"}],"replies":[{"embeddable":true,"href":"https:\/\/www.energiaspatagonicas.com\/index.php?rest_route=%2Fwp%2Fv2%2Fcomments&post=13187"}],"version-history":[{"count":1,"href":"https:\/\/www.energiaspatagonicas.com\/index.php?rest_route=\/wp\/v2\/posts\/13187\/revisions"}],"predecessor-version":[{"id":13189,"href":"https:\/\/www.energiaspatagonicas.com\/index.php?rest_route=\/wp\/v2\/posts\/13187\/revisions\/13189"}],"wp:featuredmedia":[{"embeddable":true,"href":"https:\/\/www.energiaspatagonicas.com\/index.php?rest_route=\/wp\/v2\/media\/13188"}],"wp:attachment":[{"href":"https:\/\/www.energiaspatagonicas.com\/index.php?rest_route=%2Fwp%2Fv2%2Fmedia&parent=13187"}],"wp:term":[{"taxonomy":"category","embeddable":true,"href":"https:\/\/www.energiaspatagonicas.com\/index.php?rest_route=%2Fwp%2Fv2%2Fcategories&post=13187"},{"taxonomy":"post_tag","embeddable":true,"href":"https:\/\/www.energiaspatagonicas.com\/index.php?rest_route=%2Fwp%2Fv2%2Ftags&post=13187"}],"curies":[{"name":"wp","href":"https:\/\/api.w.org\/{rel}","templated":true}]}}