{"id":13190,"date":"2026-05-01T09:00:45","date_gmt":"2026-05-01T09:00:45","guid":{"rendered":"https:\/\/www.energiaspatagonicas.com\/?p=13190"},"modified":"2026-04-30T14:57:48","modified_gmt":"2026-04-30T14:57:48","slug":"la-pampa-lanzo-la-licitacion-para-ampliar-el-parque-solar-de-general-pico","status":"publish","type":"post","link":"https:\/\/www.energiaspatagonicas.com\/?p=13190","title":{"rendered":"La Pampa lanz\u00f3 la licitaci\u00f3n para ampliar el parque solar de General Pico"},"content":{"rendered":"<p>La Pampa (EP), 1 de mayo \u201826. El llamado se formaliz\u00f3 a trav\u00e9s de la Licitaci\u00f3n P\u00fablica N\u00b0 1\/26, presentada tanto en la provincia como ante inversores en un evento realizado en el barrio porte\u00f1o de Recoleta.<\/p>\n<p>La Pampa oficializ\u00f3 el llamado a licitaci\u00f3n para la segunda etapa del Parque Solar Fotovoltaico de General Pico, un proyecto estrat\u00e9gico que apunta a consolidar la generaci\u00f3n renovable y reforzar el abastecimiento energ\u00e9tico del entramado productivo local. La iniciativa sumar\u00e1 15 megavatios (MW) de potencia y se desarrollar\u00e1 bajo un esquema de inversi\u00f3n p\u00fablico-privada.<\/p>\n<p>El anuncio fue encabezado por el gobernador Sergio Ziliotto y se formaliz\u00f3 a trav\u00e9s de la Licitaci\u00f3n P\u00fablica N\u00b0 1\/26, presentada tanto en la provincia como ante inversores en un evento realizado en el barrio porte\u00f1o de Recoleta. La obra se apoya en una primera etapa ya en marcha, tambi\u00e9n de 15 MW, y forma parte de un plan m\u00e1s amplio que prev\u00e9 escalar hasta los 50 MW de capacidad instalada en el norte pampeano.<\/p>\n<p>Durante la presentaci\u00f3n, que convoc\u00f3 a representantes de 19 empresas de distintos puntos del pa\u00eds, el gobierno provincial detall\u00f3 que la energ\u00eda generada estar\u00e1 destinada principalmente a abastecer la demanda industrial de la regi\u00f3n. En un contexto donde el costo y la disponibilidad de energ\u00eda se volvieron variables cr\u00edticas para atraer inversiones, el proyecto busca posicionarse como un factor de competitividad.<\/p>\n<p>El proceso licitatorio apunta a seleccionar un socio privado que se encargue del desarrollo integral del parque: desde la ingenier\u00eda y provisi\u00f3n de equipos hasta la construcci\u00f3n, operaci\u00f3n, mantenimiento y comercializaci\u00f3n de la energ\u00eda. El esquema prev\u00e9 un contrato a 20 a\u00f1os con garant\u00eda de compra de la producci\u00f3n, lo que introduce previsibilidad en un mercado atravesado por la volatilidad macroecon\u00f3mica.<\/p>\n<p>Uno de los ejes centrales del modelo es la estructura de precios: durante los primeros siete a\u00f1os se establece un valor fijo surgido de la oferta ganadora, mientras que luego se ajustar\u00e1 en funci\u00f3n del mercado, tomando como referencia el Precio Estabilizado de la Energ\u00eda. Esta combinaci\u00f3n busca reducir el riesgo inicial y mejorar la competitividad del proyecto para los inversores.<\/p>\n<p>La propuesta se complementa con incentivos fiscales -como la exenci\u00f3n de impuestos provinciales por dos d\u00e9cadas- y con la participaci\u00f3n de Pampetrol, que integrar\u00e1 una Uni\u00f3n Transitoria con el adjudicatario. En ese esquema, la firma estatal tendr\u00e1 el 20% del proyecto, mientras que el privado concentrar\u00e1 el 80%. Adem\u00e1s, Pampetrol ceder\u00e1 utilidades como parte de un mecanismo orientado a reducir el costo final de la energ\u00eda.<\/p>\n<p>Entre los activos que aporta el sector p\u00fablico se destacan el predio de m\u00e1s de 100 hect\u00e1reas, la factibilidad de conexi\u00f3n al sistema el\u00e9ctrico, estudios ambientales y el contrato de abastecimiento. Las ofertas deber\u00e1n estructurarse en base a tres variables: costo del proyecto, precio de la energ\u00eda y participaci\u00f3n en utilidades.<\/p>\n<p>El pliego tambi\u00e9n contempla una posible expansi\u00f3n adicional de otros 15 MW bajo el mismo esquema, lo que abre una ventana de crecimiento para el adjudicatario en el mediano plazo.<\/p>\n<p>Energ\u00eda para la producci\u00f3n<\/p>\n<p>El parque solar se integra a una estrategia m\u00e1s amplia de desarrollo econ\u00f3mico. Est\u00e1 ubicado dentro del Polo de Abastecimiento Energ\u00e9tico y Desarrollo Productivo de General Pico, un espacio pensado para articular infraestructura energ\u00e9tica con actividad industrial.<\/p>\n<p>En ese marco, Ziliotto remarc\u00f3 el v\u00ednculo directo entre energ\u00eda y competitividad: \u201cManejar el precio de la energ\u00eda es tener bajo nuestra decisi\u00f3n una de las principales variables del agregado de valor\u201d, sostuvo.<\/p>\n<p>La ampliaci\u00f3n del parque forma parte de la hoja de ruta provincial para diversificar la matriz energ\u00e9tica. El objetivo es alcanzar un 35% de generaci\u00f3n el\u00e9ctrica a partir de fuentes renovables hacia 2030, en l\u00ednea con la necesidad de garantizar suministro a sectores productivos en expansi\u00f3n y reducir la dependencia de fuentes tradicionales.<\/p>\n<p>Con este proyecto, La Pampa busca posicionarse no solo como generadora de energ\u00eda limpia, sino tambi\u00e9n como un polo atractivo para inversiones industriales que requieren previsibilidad en costos energ\u00e9ticos.<\/p>\n<p>Gentileza https:\/\/www.ambito.com\/<\/p>\n<p>Fotograf\u00eda Canal12web<\/p>\n","protected":false},"excerpt":{"rendered":"<p>La Pampa (EP), 1 de mayo \u201826. El llamado se formaliz\u00f3 a trav\u00e9s de la Licitaci\u00f3n P\u00fablica N\u00b0 1\/26, presentada tanto en la provincia como ante inversores en un evento realizado en el barrio porte\u00f1o de Recoleta. La Pampa oficializ\u00f3 el llamado a licitaci\u00f3n para la segunda etapa del Parque Solar Fotovoltaico de General Pico, &#8230;<\/p>\n","protected":false},"author":2,"featured_media":13191,"comment_status":"closed","ping_status":"closed","sticky":false,"template":"","format":"standard","meta":{"footnotes":""},"categories":[13],"tags":[1231,231,369],"class_list":["post-13190","post","type-post","status-publish","format-standard","has-post-thumbnail","hentry","category-energia","tag-general-pico","tag-la-pampa","tag-parque-solar"],"_links":{"self":[{"href":"https:\/\/www.energiaspatagonicas.com\/index.php?rest_route=\/wp\/v2\/posts\/13190","targetHints":{"allow":["GET"]}}],"collection":[{"href":"https:\/\/www.energiaspatagonicas.com\/index.php?rest_route=\/wp\/v2\/posts"}],"about":[{"href":"https:\/\/www.energiaspatagonicas.com\/index.php?rest_route=\/wp\/v2\/types\/post"}],"author":[{"embeddable":true,"href":"https:\/\/www.energiaspatagonicas.com\/index.php?rest_route=\/wp\/v2\/users\/2"}],"replies":[{"embeddable":true,"href":"https:\/\/www.energiaspatagonicas.com\/index.php?rest_route=%2Fwp%2Fv2%2Fcomments&post=13190"}],"version-history":[{"count":1,"href":"https:\/\/www.energiaspatagonicas.com\/index.php?rest_route=\/wp\/v2\/posts\/13190\/revisions"}],"predecessor-version":[{"id":13192,"href":"https:\/\/www.energiaspatagonicas.com\/index.php?rest_route=\/wp\/v2\/posts\/13190\/revisions\/13192"}],"wp:featuredmedia":[{"embeddable":true,"href":"https:\/\/www.energiaspatagonicas.com\/index.php?rest_route=\/wp\/v2\/media\/13191"}],"wp:attachment":[{"href":"https:\/\/www.energiaspatagonicas.com\/index.php?rest_route=%2Fwp%2Fv2%2Fmedia&parent=13190"}],"wp:term":[{"taxonomy":"category","embeddable":true,"href":"https:\/\/www.energiaspatagonicas.com\/index.php?rest_route=%2Fwp%2Fv2%2Fcategories&post=13190"},{"taxonomy":"post_tag","embeddable":true,"href":"https:\/\/www.energiaspatagonicas.com\/index.php?rest_route=%2Fwp%2Fv2%2Ftags&post=13190"}],"curies":[{"name":"wp","href":"https:\/\/api.w.org\/{rel}","templated":true}]}}