{"id":4835,"date":"2024-05-06T08:00:18","date_gmt":"2024-05-06T08:00:18","guid":{"rendered":"https:\/\/www.energiaspatagonicas.com\/?p=4835"},"modified":"2024-05-06T12:25:31","modified_gmt":"2024-05-06T12:25:31","slug":"chubut-santa-cruz-y-tierra-del-fuego-luz-y-fuerza-se-declaro-en-de-alerta-y-movilizacion","status":"publish","type":"post","link":"https:\/\/www.energiaspatagonicas.com\/?p=4835","title":{"rendered":"Chubut, Santa Cruz y Tierra del Fuego: Luz y Fuerza se declar\u00f3 en estado de alerta y movilizaci\u00f3n"},"content":{"rendered":"<p>Chubut (EP), 6 de mayo \u201824. Las autoridades del Sindicato Regional se reunieron durante dos d\u00edas en Trelew e hicieron una fuerte declaraci\u00f3n pol\u00edtica. Alertan sobre el estado de las cooperativas de distribuci\u00f3n el\u00e9ctrica, la eliminaci\u00f3n de subsidios por parte del Gobierno nacional y la inacci\u00f3n de los poderes concedentes. Y facultaron a la Comisi\u00f3n Directiva \u00aba adoptar todas las medidas de Acci\u00f3n Sindical conducentes a preservar los leg\u00edtimos derechos personales y colectivos de los Trabajadores.\u00bb<\/p>\n<p>La Comisi\u00f3n Directiva del Sindicato Regional de Luz y Fuerza de la Patagonia, ampliada con los secretarios de Seccionales de las provincias de Chubut, Santa Cruz y Tierra del Fuego, resolvieron este viernes declarar el \u00abestado de alerta y movilizaci\u00f3n\u00bb en todo el \u00e1mbito territorial y facultar a la Comisi\u00f3n Directiva a adoptar \u00abtodas las medidas de Acci\u00f3n Sindical conducentes a preservar los leg\u00edtimos derechos personales y colectivos de los Trabajadores que representamos\u00bb, adem\u00e1s de \u00abnotificar de la presente Resoluci\u00f3n a las Autoridades Administrativas del Trabajo de las Provincias de Tierra del Fuego; Santa Cruz y Chubut, y a las Autoridades Competentes respectivas\u00bb.<\/p>\n<p>El anuncio se hizo a trav\u00e9s de un duro documento emitido por los principales dirigentes del Sindicato de las tres provincias, que se reunieron durante dos d\u00edas en la ciudad de Trelew<\/p>\n<p>El documento indica que es una \u00abresponsabilidad irrenunciable del Sindicato Regional de Luz y Fuerza de la Patagonia en defensa de los intereses de los Trabajadores que representa, y sosteniendo esa convicci\u00f3n en el ejercicio de las facultades que le son propias, teniendo siempre en cuenta de nuestra parte, la sustentaci\u00f3n de la Paz Social, y considerando el estado de endebles en general en que se encuentra el sistema de la prestaci\u00f3n de los Servicios P\u00fablicos Esenciales en nuestra jurisdicci\u00f3n geogr\u00e1fica de actuaci\u00f3n y en representaci\u00f3n de nuestros afiliados de las provincias de Tierra del Fuego; Santa Cruz y de Chubut\u00bb.<\/p>\n<p>Considera, adem\u00e1s, \u00abla dif\u00edcil y compleja situaci\u00f3n econ\u00f3mica, financiera y operativa que atraviesan las Cooperativas, Empresas y\/o Reparticiones Provinciales, tanto en las etapas de Generaci\u00f3n, Transmisi\u00f3n y\/o Distribuci\u00f3n en las provincias de Tierra del Fuego; Santa Cruz y Chubut\u00bb. Y agrega que \u00ablas pol\u00edticas llevada a cabo por parte del Gobierno Nacional de eliminar casi absolutamente cualquier tipo de subsidios a las Tarifas de Energ\u00eda El\u00e9ctrica supone, inevitablemente, que muchos usuarios de las distintas categor\u00edas en las que los mismos pudiesen estar clasificados, no podr\u00e1n asumir el pago de sus respectivas facturas por los servicios prestados y verse a\u00fan m\u00e1s comprometida sus situaciones, con los despidos generalizados de Trabajadores\u00bb.<\/p>\n<p>Adem\u00e1s, \u00abla paralizaci\u00f3n de las Obras P\u00fablicas y la n\u00f3mina de empresas a privatizarse se\u00f1aladas por parte del gobierno nacional\u00bb, detalla el documento de Luz y Fuerza. \u00abEllo ocasionar\u00e1, indefectiblemente, dejar sin financiamiento el Costo de Distribuci\u00f3n de Energ\u00eda en todo el \u00e1mbito de las provincias de Tierra del Fuego, Santa Cruz y Chubut\u00bb, y esta situaci\u00f3n \u00abse complejiza y agrava en funci\u00f3n de la dispersa y difusa composici\u00f3n de cuadros tarifarios, ocasionada por la falta de disposici\u00f3n de los distintos actores del sistema, a encuadrar el funcionamiento de las Empresas, Reparticiones Provinciales, Generadoras y\/o Distribuidoras de las provincias, en un \u00fanico y com\u00fan marco regulatorio que respete acabadamente los principios tarifarios establecidos en el marco regulatorio correspondiente\u00bb.<\/p>\n<p>\u00abEn diversas ciudades de las provincias en las que el Servicio de Distribuci\u00f3n de energ\u00eda el\u00e9ctrica es brindado por Cooperativas de Servicios P\u00fablicos Esenciales y\/o Reparticiones Provinciales, como asimismo la Generaci\u00f3n, se registran actualmente divergencias graves entre las mismas y los Representaciones Concedentes Municipales, como asimismo por Reparticiones Provinciales, generando situaciones conflictivas en las que, con distintos argumentos, se alteran severamente los mecanismos de actualizaciones y\/o recomposiciones tarifarias, afectando severamente la sustentabilidad econ\u00f3mica y financiera de las respectivas Cooperativas; Empresas y\/o Reparticiones Provinciales, al punto de colocarlas al borde de su posibilidades de sostener su funcionamiento operativo y, por ende, del cumplimiento de sus obligaciones contractuales\u00bb.<\/p>\n<p>Luz y Fuerza advierte que \u00abde no resolverse r\u00e1pida y adecuadamente cada una de esas situaciones, se generar\u00e1 inevitablemente la incapacidad por parte de las Cooperativas, Empresas y\/o Reparticiones Provinciales de Servicios P\u00fablicos Esenciales de asumir las obligaciones y responsabilidades a su cargo, respecto del personal y\/o Trabajadores que cumple funciones en las mismas, que alterar\u00e1 sin lugar a dudas, la Paz Social en el sector electro energ\u00e9tico\u00bb.<\/p>\n<p>En conclusi\u00f3n, \u00absurge que nos encontramos en una verdadera Emergencia Grave y Profunda de los Servicios P\u00fablicos Esenciales, con deudas millonarias y retrasos tarifarios, muchas de ellos enfrentadas a sus Representaciones Concedentes en todos los \u00f3rdenes, sean estos Provinciales y\/o estos Municipales, componiendo una situaci\u00f3n que genera un riesgo inminente en cada comunidad. Es pertinente y necesario advertir tanto a las autoridades responsables, como al conjunto de las comunidades, la gravedad de la situaci\u00f3n por la que atraviesa el sistema de la prestaci\u00f3n de Servicios P\u00fablicos Esenciales de las Provincias de Tierra del Fuego, Santa Cruz y Chubut\u00bb.<\/p>\n<p>\u00abEs decisi\u00f3n de la Comisi\u00f3n Directiva del Sindicato Regional de Luz y Fuerza de la Patagonia ejercer la responsabilidad y el poder indelegable que nos otorga la representaci\u00f3n de los Trabajadores incluidos en el \u00e1mbito personal y colectivo de nuestra Organizaci\u00f3n Sindical, llevando hasta las \u00faltimas consecuencias la defensa irrestricta de los Convenios Colectivos de Trabajo 625\/11 y\/u otro Convenios Colectivos acordados y firmados, y\/o normativa que resulte aplicable ante el marco de las relaciones laborales de nuestra actividad, en todas y cada una de las Provincias\u00bb, concluye el duro documento de Luz y Fuerza.<\/p>\n<p>Fuente https:\/\/www.diariojornada.com.ar\/<\/p>\n<p>Fotograf\u00eda Monitor Gremial<\/p>\n","protected":false},"excerpt":{"rendered":"<p>Chubut (EP), 6 de mayo \u201824. Las autoridades del Sindicato Regional se reunieron durante dos d\u00edas en Trelew e hicieron una fuerte declaraci\u00f3n pol\u00edtica. Alertan sobre el estado de las cooperativas de distribuci\u00f3n el\u00e9ctrica, la eliminaci\u00f3n de subsidios por parte del Gobierno nacional y la inacci\u00f3n de los poderes concedentes. Y facultaron a la Comisi\u00f3n &#8230;<\/p>\n","protected":false},"author":2,"featured_media":0,"comment_status":"closed","ping_status":"closed","sticky":false,"template":"","format":"standard","meta":{"footnotes":""},"categories":[13],"tags":[59,1387,581,948,337],"class_list":["post-4835","post","type-post","status-publish","format-standard","hentry","category-energia","tag-energia","tag-luz-y-fuerza","tag-patagonia","tag-reclamo","tag-sindicato"],"_links":{"self":[{"href":"https:\/\/www.energiaspatagonicas.com\/index.php?rest_route=\/wp\/v2\/posts\/4835","targetHints":{"allow":["GET"]}}],"collection":[{"href":"https:\/\/www.energiaspatagonicas.com\/index.php?rest_route=\/wp\/v2\/posts"}],"about":[{"href":"https:\/\/www.energiaspatagonicas.com\/index.php?rest_route=\/wp\/v2\/types\/post"}],"author":[{"embeddable":true,"href":"https:\/\/www.energiaspatagonicas.com\/index.php?rest_route=\/wp\/v2\/users\/2"}],"replies":[{"embeddable":true,"href":"https:\/\/www.energiaspatagonicas.com\/index.php?rest_route=%2Fwp%2Fv2%2Fcomments&post=4835"}],"version-history":[{"count":2,"href":"https:\/\/www.energiaspatagonicas.com\/index.php?rest_route=\/wp\/v2\/posts\/4835\/revisions"}],"predecessor-version":[{"id":4844,"href":"https:\/\/www.energiaspatagonicas.com\/index.php?rest_route=\/wp\/v2\/posts\/4835\/revisions\/4844"}],"wp:attachment":[{"href":"https:\/\/www.energiaspatagonicas.com\/index.php?rest_route=%2Fwp%2Fv2%2Fmedia&parent=4835"}],"wp:term":[{"taxonomy":"category","embeddable":true,"href":"https:\/\/www.energiaspatagonicas.com\/index.php?rest_route=%2Fwp%2Fv2%2Fcategories&post=4835"},{"taxonomy":"post_tag","embeddable":true,"href":"https:\/\/www.energiaspatagonicas.com\/index.php?rest_route=%2Fwp%2Fv2%2Ftags&post=4835"}],"curies":[{"name":"wp","href":"https:\/\/api.w.org\/{rel}","templated":true}]}}