{"id":4998,"date":"2024-05-17T09:00:47","date_gmt":"2024-05-17T09:00:47","guid":{"rendered":"https:\/\/www.energiaspatagonicas.com\/?p=4998"},"modified":"2024-05-16T23:39:25","modified_gmt":"2024-05-16T23:39:25","slug":"decano-puig-de-la-utn-frsc-las-tarifas-desmedidas-ya-llegaron-y-todavia-no-empezo-el-invierno","status":"publish","type":"post","link":"https:\/\/www.energiaspatagonicas.com\/?p=4998","title":{"rendered":"Decano Puig de la UTN FRSC: \u201cLas tarifas desmedidas ya llegaron y todav\u00eda no empez\u00f3 el invierno\u201d"},"content":{"rendered":"<p>Santa Cruz (EP), 17 de mayo \u201824. Ante la situaci\u00f3n presupuestaria de las universidades, que sigue sin resolverse, se suma el cap\u00edtulo de las tarifas de servicios\u00a0 y los gastos de funcionamiento. Si bien todav\u00eda no empez\u00f3 el invierno, ya se sienten los aumentos de gas en la Facultad Regional Santa Cruz de la UTN, que reclama que de abril a mayo aument\u00f3 m\u00e1s del 1200%. Esto es una amenaza directa a la educaci\u00f3n universitaria.<\/p>\n<p>\u201c Las tarifas desmedidas ya llegaron y todav\u00eda no empez\u00f3 el invierno. Compartimos las \u00faltimas facturas de gas, donde se expone que a\u00fan cuando bajamos el consumo en t\u00e9rminos comparativos recibimos estos aumentos\u201d, manifest\u00f3 el decano Sebasti\u00e1n Puig.<\/p>\n<p>\u201cLa realidad es que cuando hablamos de gastos de funcionamiento tambi\u00e9n\u00a0 hablamos de esto, no se adecuan, no nos alcanza y aun no llegamos a los momentos de m\u00e1s fr\u00edo. En materia energ\u00e9tica tambi\u00e9n. Les pedimos a los legisladores que\u00a0 traten el proyecto 27\/2024 que se encuentra en la comisi\u00f3n de Energ\u00eda y Combustibles de la legislatura provincial\u201d, agreg\u00f3.<\/p>\n<p>Puig explic\u00f3 que \u201ces la mejor\u00a0 herramienta que puede tener a mano el Ejecutivo provincial para colaborar con las universidades\u201d.<\/p>\n<p>\u201cSabemos que\u00a0 es un problema que nos alcanzar\u00e1 a todos, pero los \u00e1mbitos de contenci\u00f3n, como lo son las escuelas o las universidades, no podemos cerrar nuestras puertas por falta de recursos para funcionar en lo m\u00e1s b\u00e1sico\u201d, finaliz\u00f3 el decano.<\/p>\n<p>Fuente Comunicaci\u00f3n UTN FRSC<\/p>\n<p>&nbsp;<\/p>\n","protected":false},"excerpt":{"rendered":"<p>Santa Cruz (EP), 17 de mayo \u201824. Ante la situaci\u00f3n presupuestaria de las universidades, que sigue sin resolverse, se suma el cap\u00edtulo de las tarifas de servicios\u00a0 y los gastos de funcionamiento. Si bien todav\u00eda no empez\u00f3 el invierno, ya se sienten los aumentos de gas en la Facultad Regional Santa Cruz de la UTN, &#8230;<\/p>\n","protected":false},"author":2,"featured_media":0,"comment_status":"closed","ping_status":"closed","sticky":false,"template":"","format":"standard","meta":{"footnotes":""},"categories":[13],"tags":[577,1782,948,1783,169,1756],"class_list":["post-4998","post","type-post","status-publish","format-standard","hentry","category-energia","tag-aumento","tag-decano","tag-reclamo","tag-sebastian-puig","tag-tarifas","tag-utn-frsc"],"_links":{"self":[{"href":"https:\/\/www.energiaspatagonicas.com\/index.php?rest_route=\/wp\/v2\/posts\/4998","targetHints":{"allow":["GET"]}}],"collection":[{"href":"https:\/\/www.energiaspatagonicas.com\/index.php?rest_route=\/wp\/v2\/posts"}],"about":[{"href":"https:\/\/www.energiaspatagonicas.com\/index.php?rest_route=\/wp\/v2\/types\/post"}],"author":[{"embeddable":true,"href":"https:\/\/www.energiaspatagonicas.com\/index.php?rest_route=\/wp\/v2\/users\/2"}],"replies":[{"embeddable":true,"href":"https:\/\/www.energiaspatagonicas.com\/index.php?rest_route=%2Fwp%2Fv2%2Fcomments&post=4998"}],"version-history":[{"count":1,"href":"https:\/\/www.energiaspatagonicas.com\/index.php?rest_route=\/wp\/v2\/posts\/4998\/revisions"}],"predecessor-version":[{"id":5000,"href":"https:\/\/www.energiaspatagonicas.com\/index.php?rest_route=\/wp\/v2\/posts\/4998\/revisions\/5000"}],"wp:attachment":[{"href":"https:\/\/www.energiaspatagonicas.com\/index.php?rest_route=%2Fwp%2Fv2%2Fmedia&parent=4998"}],"wp:term":[{"taxonomy":"category","embeddable":true,"href":"https:\/\/www.energiaspatagonicas.com\/index.php?rest_route=%2Fwp%2Fv2%2Fcategories&post=4998"},{"taxonomy":"post_tag","embeddable":true,"href":"https:\/\/www.energiaspatagonicas.com\/index.php?rest_route=%2Fwp%2Fv2%2Ftags&post=4998"}],"curies":[{"name":"wp","href":"https:\/\/api.w.org\/{rel}","templated":true}]}}