{"id":5278,"date":"2024-06-07T09:00:13","date_gmt":"2024-06-07T09:00:13","guid":{"rendered":"https:\/\/www.energiaspatagonicas.com\/?p=5278"},"modified":"2024-06-10T02:44:36","modified_gmt":"2024-06-10T02:44:36","slug":"comodoro-rivadavia-apostara-a-ypf-luz-para-desarrollos-eolicos","status":"publish","type":"post","link":"https:\/\/www.energiaspatagonicas.com\/?p=5278","title":{"rendered":"Comodoro Rivadavia apostar\u00e1 a YPF LUZ para desarrollos e\u00f3licos"},"content":{"rendered":"<p>Chubut (EP), 7 de junio\u201824. \u201cVamos a apostar a una sociedad estrat\u00e9gica con YPF LUZ para evaluar desarrollos e\u00f3licos\u201d, afirm\u00f3 Macharashvili.<\/p>\n<p>El intendente de Comodoro mantuvo una importante reuni\u00f3n con representantes de la empresa. Se busca avanzar en el desarrollo conjunto de energ\u00edas alternativas.<\/p>\n<p>El intendente de Comodoro Rivadavia, Othar Macharashvili, se reuni\u00f3 el mi\u00e9rcoles con el gerente de Operaciones de YPF LUZ, Santiago Sajaroff. Durante el encuentro estuvieron presentes tambi\u00e9n en el despacho municipal el secretario de Gobierno, Sergio Bohe; y el presidente de la Agencia Comodoro Conocimiento, Rub\u00e9n Z\u00e1rate.<\/p>\n<p>Tras el encuentro, el mandatario municipal destac\u00f3 la importancia de que la empresa \u201credoble el compromiso con la ciudad\u201d, al tiempo que manifest\u00f3 que \u201cestamos muy anhelantes de que YPF se haga cargo de parte del futuro de Comodoro, as\u00ed como la ciudad se hizo cargo del nacimiento, del desarrollo y ahora del futuro de YPF\u201d.<\/p>\n<p>Y en este marco, Macharashvili anticip\u00f3 que \u201cvamos a apostar fuertemente a una sociedad estrat\u00e9gica con YPF LUZ para evaluar en conjunto desarrollos e\u00f3licos, como as\u00ed tambi\u00e9n trabajar en el avance energ\u00edas alternativas. Adem\u00e1s, nuestra intenci\u00f3n es que brinden tutor\u00eda y asistencia t\u00e9cnica para la mejora en la eficiencia energ\u00e9tica y en algunos desarrollos relacionados con la innovaci\u00f3n y la tecnolog\u00eda\u201d.<\/p>\n<p>El intendente resalt\u00f3 que \u201cesto tiene que ver con el futuro de la ciudad y el compromiso que tiene que demostrar YPF. La compa\u00f1\u00eda se fue transformando en una empresa de energ\u00eda y Comodoro debe transformarse en una ciudad de generaci\u00f3n de energ\u00eda\u201d.<\/p>\n<p>Finalmente, el gerente de Operaciones de YPF LUZ Santiago Sajaroff, indic\u00f3 tras el encuentro en la ciudad petrolera con autoridades que \u201cestamos comprometidos en generar espacios de di\u00e1logo y aportes sobre la experiencia de la compa\u00f1\u00eda en la transici\u00f3n energ\u00e9tica\u201d.<\/p>\n<p>Fuente https:\/\/www.adnsur.com.ar\/<\/p>\n<p>&nbsp;<\/p>\n","protected":false},"excerpt":{"rendered":"<p>Chubut (EP), 7 de junio\u201824. \u201cVamos a apostar a una sociedad estrat\u00e9gica con YPF LUZ para evaluar desarrollos e\u00f3licos\u201d, afirm\u00f3 Macharashvili. El intendente de Comodoro mantuvo una importante reuni\u00f3n con representantes de la empresa. Se busca avanzar en el desarrollo conjunto de energ\u00edas alternativas. El intendente de Comodoro Rivadavia, Othar Macharashvili, se reuni\u00f3 el mi\u00e9rcoles &#8230;<\/p>\n","protected":false},"author":2,"featured_media":0,"comment_status":"closed","ping_status":"closed","sticky":false,"template":"","format":"standard","meta":{"footnotes":""},"categories":[13],"tags":[55,237,59,101,45,60,241],"class_list":["post-5278","post","type-post","status-publish","format-standard","hentry","category-energia","tag-chubut","tag-desarrollo","tag-energia","tag-eolica","tag-inversion","tag-parque-eolico","tag-ypf-luz"],"_links":{"self":[{"href":"https:\/\/www.energiaspatagonicas.com\/index.php?rest_route=\/wp\/v2\/posts\/5278","targetHints":{"allow":["GET"]}}],"collection":[{"href":"https:\/\/www.energiaspatagonicas.com\/index.php?rest_route=\/wp\/v2\/posts"}],"about":[{"href":"https:\/\/www.energiaspatagonicas.com\/index.php?rest_route=\/wp\/v2\/types\/post"}],"author":[{"embeddable":true,"href":"https:\/\/www.energiaspatagonicas.com\/index.php?rest_route=\/wp\/v2\/users\/2"}],"replies":[{"embeddable":true,"href":"https:\/\/www.energiaspatagonicas.com\/index.php?rest_route=%2Fwp%2Fv2%2Fcomments&post=5278"}],"version-history":[{"count":2,"href":"https:\/\/www.energiaspatagonicas.com\/index.php?rest_route=\/wp\/v2\/posts\/5278\/revisions"}],"predecessor-version":[{"id":5321,"href":"https:\/\/www.energiaspatagonicas.com\/index.php?rest_route=\/wp\/v2\/posts\/5278\/revisions\/5321"}],"wp:attachment":[{"href":"https:\/\/www.energiaspatagonicas.com\/index.php?rest_route=%2Fwp%2Fv2%2Fmedia&parent=5278"}],"wp:term":[{"taxonomy":"category","embeddable":true,"href":"https:\/\/www.energiaspatagonicas.com\/index.php?rest_route=%2Fwp%2Fv2%2Fcategories&post=5278"},{"taxonomy":"post_tag","embeddable":true,"href":"https:\/\/www.energiaspatagonicas.com\/index.php?rest_route=%2Fwp%2Fv2%2Ftags&post=5278"}],"curies":[{"name":"wp","href":"https:\/\/api.w.org\/{rel}","templated":true}]}}