{"id":5528,"date":"2024-06-27T11:33:17","date_gmt":"2024-06-27T11:33:17","guid":{"rendered":"https:\/\/www.energiaspatagonicas.com\/?p=5528"},"modified":"2024-06-27T11:33:17","modified_gmt":"2024-06-27T11:33:17","slug":"patagonia-kilometros-de-lineas-electricas-quedaron-en-el-piso-por-el-temporal","status":"publish","type":"post","link":"https:\/\/www.energiaspatagonicas.com\/?p=5528","title":{"rendered":"Patagonia: Kil\u00f3metros de l\u00edneas el\u00e9ctricas quedaron en el piso por el temporal"},"content":{"rendered":"<p>Neuqu\u00e9n (EP), 27 de junio \u201824. Las condiciones meteorol\u00f3gicas extraordinarias derribaron m\u00e1s de 4 kil\u00f3metros de l\u00edneas de media tensi\u00f3n, adem\u00e1s de postes quebrados y conductores cortados.<\/p>\n<p>El temporal de nieve azot\u00f3 con fuerza la zona cordillerana de Neuqu\u00e9n durante el fin de semana largo. Este lunes se registra el quinto d\u00eda consecutivo en donde el personal del Ente Provincial de Energ\u00eda del Neuqu\u00e9n (EPEN) busca normalizar el servicio, principalmente en la regi\u00f3n norte.<\/p>\n<p>Seg\u00fan inform\u00f3 el Gobierno, hay m\u00e1s de 80 agentes de distintos servicios del departamento Minas, Chos Malal, Centenario y Zapala. Las cuadrillas t\u00e9cnicas de log\u00edstica y seguridad se concentraron en Los Miches, Butal\u00f3n Norte, Varvarco, Manzano Amargo, Pichi Neuqu\u00e9n, Cayanta y Villa Nahueve.<\/p>\n<p>\u201cHoy en casi toda la zona sur est\u00e1 resuelto, salvo algunos puntos en Villa La Angostura con algunos usuarios. En la zona centro se pudo resolver durante el fin de semana. En San Mart\u00edn de los Andes, tambi\u00e9n. Y en el norte estuvimos trabajando hasta altas horas el domingo para ir habilitando distintos frentes que ten\u00edamos\u201d, inform\u00f3 el presidente del EPEN, Mario Moya.<\/p>\n<p>Adem\u00e1s, detall\u00f3 las complicaciones que tuvieron por el temporal. En Chos Malal, reportaron \u00abcasi cuatro kil\u00f3metros y medio de l\u00edneas que estaban literalmente en el suelo\u201d. Las condiciones en las que se encontraron fueron producto de la formaci\u00f3n de manguitos (dep\u00f3sitos) de hielo, lo que hizo colapsar las instalaciones y quebrar los postes.<\/p>\n<p>\u201cSon condiciones meteorol\u00f3gicas extraordinarias en las que se forman los manguitos de hielo. No obstante, siempre se buscan alternativas para ubicar una mejor traza, para habilitar un mejor acceso a las l\u00edneas o tener una doble alimentaci\u00f3n, en eso estamos trabajando tambi\u00e9n\u201d, aclar\u00f3 Moya.<\/p>\n<p>Por otra parte, indic\u00f3 que ayer a la noche pudieron reestablecer el servicio a Los Gua\u00f1acos y en Butal\u00f3n estiman resolver la situaci\u00f3n entre hoy o ma\u00f1ana a m\u00e1s tardar. En la \u00faltima localidad, durante el fin de semana se encontraron nuevos sectores con postes ca\u00eddos y conductores cortados. All\u00ed, trabajan con cuadrillas para reponer el servicio, pero es muy dif\u00edcil el acceso y hay mucha acumulaci\u00f3n de nieve. Calculan que el martes al mediod\u00eda se normalizar\u00e1 el servicio.<\/p>\n<p>En Los Miches, hay un generador propio que abastece de energ\u00eda al \u00e1rea urbana, ya que prev\u00e9n varios d\u00edas de trabajo por la reconstrucci\u00f3n que hay que hacer por las l\u00edneas tiradas en el suelo.<\/p>\n<p>Tambi\u00e9n, avanzan a un buen ritmo en la zona de Manzano Amargo, Varvarco y Pichi Neuqu\u00e9n: \u201cEsas tareas continuar\u00e1n esta semana y se estima resolver en un par de d\u00edas. Son usuarios rurales dispersos\u201d. En estas zonas, levantaron todos los postes quebrados sin gr\u00faa, en donde hab\u00eda 40 cent\u00edmetros de nieve.<\/p>\n<p>En el paraje Cayanta, Villa Nahueve, se detect\u00f3 una columna quebrada y se iniciaron las tareas de reparaci\u00f3n de la l\u00ednea de media tensi\u00f3n y de antena a Los Carrizos, para dar soluci\u00f3n a la comunicaci\u00f3n en Las Ovejas. Se realizaron bypass para energizar gran parte de ese sector.<\/p>\n<p>En este momento, precis\u00f3 que los usuarios que contin\u00faan sin energ\u00eda \u00abson muy pocos\u00bb. \u201cEst\u00e1n trabajando, llevando postes a hombro, porque el lugar de acceso es muy complicado. Se tienen que hacer muchas tareas manuales\u201d, explic\u00f3 y remarc\u00f3 que es una tarea muy dif\u00edcil por las condiciones, el fr\u00edo, la nieve que complica el acceso y el agua que se va acumulando.<\/p>\n<p>Fuente https:\/\/www.mejorinformado.com\/<\/p>\n<p>&nbsp;<\/p>\n<p>&nbsp;<\/p>\n","protected":false},"excerpt":{"rendered":"<p>Neuqu\u00e9n (EP), 27 de junio \u201824. Las condiciones meteorol\u00f3gicas extraordinarias derribaron m\u00e1s de 4 kil\u00f3metros de l\u00edneas de media tensi\u00f3n, adem\u00e1s de postes quebrados y conductores cortados. El temporal de nieve azot\u00f3 con fuerza la zona cordillerana de Neuqu\u00e9n durante el fin de semana largo. Este lunes se registra el quinto d\u00eda consecutivo en donde &#8230;<\/p>\n","protected":false},"author":2,"featured_media":0,"comment_status":"closed","ping_status":"closed","sticky":false,"template":"","format":"standard","meta":{"footnotes":""},"categories":[13],"tags":[1154,59,1824,592,581,1960,1961],"class_list":["post-5528","post","type-post","status-publish","format-standard","hentry","category-energia","tag-caida","tag-energia","tag-frio","tag-nieve","tag-patagonia","tag-postes","tag-temporal"],"_links":{"self":[{"href":"https:\/\/www.energiaspatagonicas.com\/index.php?rest_route=\/wp\/v2\/posts\/5528","targetHints":{"allow":["GET"]}}],"collection":[{"href":"https:\/\/www.energiaspatagonicas.com\/index.php?rest_route=\/wp\/v2\/posts"}],"about":[{"href":"https:\/\/www.energiaspatagonicas.com\/index.php?rest_route=\/wp\/v2\/types\/post"}],"author":[{"embeddable":true,"href":"https:\/\/www.energiaspatagonicas.com\/index.php?rest_route=\/wp\/v2\/users\/2"}],"replies":[{"embeddable":true,"href":"https:\/\/www.energiaspatagonicas.com\/index.php?rest_route=%2Fwp%2Fv2%2Fcomments&post=5528"}],"version-history":[{"count":1,"href":"https:\/\/www.energiaspatagonicas.com\/index.php?rest_route=\/wp\/v2\/posts\/5528\/revisions"}],"predecessor-version":[{"id":5530,"href":"https:\/\/www.energiaspatagonicas.com\/index.php?rest_route=\/wp\/v2\/posts\/5528\/revisions\/5530"}],"wp:attachment":[{"href":"https:\/\/www.energiaspatagonicas.com\/index.php?rest_route=%2Fwp%2Fv2%2Fmedia&parent=5528"}],"wp:term":[{"taxonomy":"category","embeddable":true,"href":"https:\/\/www.energiaspatagonicas.com\/index.php?rest_route=%2Fwp%2Fv2%2Fcategories&post=5528"},{"taxonomy":"post_tag","embeddable":true,"href":"https:\/\/www.energiaspatagonicas.com\/index.php?rest_route=%2Fwp%2Fv2%2Ftags&post=5528"}],"curies":[{"name":"wp","href":"https:\/\/api.w.org\/{rel}","templated":true}]}}